{"id":18910,"date":"2022-03-11T12:12:38","date_gmt":"2022-03-11T15:12:38","guid":{"rendered":"https:\/\/www.rincondelbulla.cl\/portal\/?p=18910"},"modified":"2022-03-11T12:26:51","modified_gmt":"2022-03-11T15:26:51","slug":"fernanda-pinilla-siempre-quiero-estar-en-la-cancha-independiente-de-la-posicion","status":"publish","type":"post","link":"https:\/\/www.rincondelbulla.cl\/portal\/2022\/03\/11\/fernanda-pinilla-siempre-quiero-estar-en-la-cancha-independiente-de-la-posicion\/","title":{"rendered":"Fernanda Pinilla: \u00abSiempre quiero estar en la cancha, independiente de la posici\u00f3n\u00bb"},"content":{"rendered":"\n<p>Un contundente 9-1 fue el marcador del debut de Las Leonas en la primera fase del torneo 2022, donde su capitana, Fernanda Pinilla se anot\u00f3 en el marcador.<\/p>\n<p>\u00ab<strong>Soempre es positivo comenzar ganando, nos salieron varias jugadas elaboradas, ataques construidos, pero pese al resultado hay cosas que hay que mejorar de a poco<\/strong>\u00ab, se\u00f1al\u00f3 Pinilla en conferencia de prensa.<\/p>\n<p>Sobre la posici\u00f3n en la que se ha estrenado este a\u00f1o, la capitana apunta que \u00ab<strong>siempre quiero estar en la cancha, independiente de la posici\u00f3n, aunque hay lugares donde puedo utilizar mis fortalezas en pro del equipo<\/strong>. Con Mariana nos hemos ido entendiendo, hablando de a poco y le estamos entregando alguna seguridad al equipo desde el fondo\u00bb. Agregando que como central \u00ab<strong>me proyecto en el a\u00f1o, entendiendo que no tenemos muchas opciones en el plantel, de todas formas esperamos la llegada de Carla y espero darle variantes a mi equipo, ya sea por la banda o de central<\/strong>\u00ab.<\/p>\n<p>Sobre el duelo de este domingo ante Huachipato apunt\u00f3 a que esperan seguir en la senda de mejor\u00eda del equipo. \u00abEs lindo estar viajando con el grupo, las concentraciones son bien positvas. <strong>Esperamos reafirmar el trabajo de la fecha pasada y mejorar los errores que cometimos, en eso hemos orientado la semana<\/strong>\u00ab, agraga.<\/p>\n<p>Finalmente abord\u00f3 el momento que vive el pa\u00eds, en una semana donde se volvi\u00f3 a conmemorar un 8N y hoy hay un cambio de Gobierno. \u00abEstamos en un tiempo de muchos cambios, a nivel pa\u00eds hace muchos a\u00f1os, en el f\u00fatbol femenino se han notado cambios importantes y esperemos que sigan, <strong>entendiendo que es un Gobierno que se ha declarado abiertamente feminista y esperamos que el deporte femenino se apoye bastante y podamos ver cambios significativos<\/strong>\u00ab, cerr\u00f3.\u00a0<\/p>\n<p><div class=\"youtube-embed\" data-video_id=\"9hhHYwejl-s\"><iframe loading=\"lazy\" title=\"[EN VIVO] Fernanda Pinilla habla con la prensa en el Centro Deportivo Azul\" width=\"696\" height=\"392\" src=\"https:\/\/www.youtube.com\/embed\/9hhHYwejl-s?feature=oembed&#038;enablejsapi=1\" frameborder=\"0\" allow=\"accelerometer; autoplay; clipboard-write; encrypted-media; gyroscope; picture-in-picture\" allowfullscreen><\/iframe><\/div><\/p>\n","protected":false},"excerpt":{"rendered":"<p>Un contundente 9-1 fue el marcador del debut de Las Leonas en la primera fase del torneo 2022, donde su capitana, Fernanda Pinilla se anot\u00f3 en el marcador. \u00abSoempre es positivo comenzar ganando, nos salieron varias jugadas elaboradas, ataques construidos, pero pese al resultado hay cosas que hay que mejorar de a poco\u00ab, se\u00f1al\u00f3 Pinilla [&#8230;]<\/p>\n","protected":false},"author":65,"featured_media":18913,"comment_status":"closed","ping_status":"open","sticky":false,"template":"","format":"standard","meta":{"footnotes":""},"categories":[18],"tags":[1755,367,294],"class_list":{"0":"post-18910","1":"post","2":"type-post","3":"status-publish","4":"format-standard","5":"has-post-thumbnail","7":"category-actualidad","8":"tag-fernanda-pinilla","9":"tag-huachipato","10":"tag-u-de-chile"},"_links":{"self":[{"href":"https:\/\/www.rincondelbulla.cl\/portal\/wp-json\/wp\/v2\/posts\/18910","targetHints":{"allow":["GET"]}}],"collection":[{"href":"https:\/\/www.rincondelbulla.cl\/portal\/wp-json\/wp\/v2\/posts"}],"about":[{"href":"https:\/\/www.rincondelbulla.cl\/portal\/wp-json\/wp\/v2\/types\/post"}],"author":[{"embeddable":true,"href":"https:\/\/www.rincondelbulla.cl\/portal\/wp-json\/wp\/v2\/users\/65"}],"replies":[{"embeddable":true,"href":"https:\/\/www.rincondelbulla.cl\/portal\/wp-json\/wp\/v2\/comments?post=18910"}],"version-history":[{"count":1,"href":"https:\/\/www.rincondelbulla.cl\/portal\/wp-json\/wp\/v2\/posts\/18910\/revisions"}],"predecessor-version":[{"id":18911,"href":"https:\/\/www.rincondelbulla.cl\/portal\/wp-json\/wp\/v2\/posts\/18910\/revisions\/18911"}],"wp:featuredmedia":[{"embeddable":true,"href":"https:\/\/www.rincondelbulla.cl\/portal\/wp-json\/wp\/v2\/media\/18913"}],"wp:attachment":[{"href":"https:\/\/www.rincondelbulla.cl\/portal\/wp-json\/wp\/v2\/media?parent=18910"}],"wp:term":[{"taxonomy":"category","embeddable":true,"href":"https:\/\/www.rincondelbulla.cl\/portal\/wp-json\/wp\/v2\/categories?post=18910"},{"taxonomy":"post_tag","embeddable":true,"href":"https:\/\/www.rincondelbulla.cl\/portal\/wp-json\/wp\/v2\/tags?post=18910"}],"curies":[{"name":"wp","href":"https:\/\/api.w.org\/{rel}","templated":true}]}}