{"id":18919,"date":"2022-03-11T13:22:53","date_gmt":"2022-03-11T16:22:53","guid":{"rendered":"https:\/\/www.rincondelbulla.cl\/portal\/?p=18919"},"modified":"2022-03-11T13:22:54","modified_gmt":"2022-03-11T16:22:54","slug":"testeo-de-antigenos-arroja-dos-casos-positivos-de-covid-en-la-u","status":"publish","type":"post","link":"https:\/\/www.rincondelbulla.cl\/portal\/2022\/03\/11\/testeo-de-antigenos-arroja-dos-casos-positivos-de-covid-en-la-u\/","title":{"rendered":"Testeo de ant\u00edgenos arroja dos casos positivos de Covid en la \u00abU\u00bb"},"content":{"rendered":"\n<p>Las malas siguen cayendo en el CDA, esto luego de que en esta jornada se realizaran testeos de ant\u00edgenos en el plantel azul.<\/p>\n<p>Lamentablemente se detectaron dos casos positivos de COVID-19, los que se encuentran en bue estado de salud y se encuentran aislados.<\/p>\n<p>Seg\u00fan se\u00f1ala un comunicado del club, no se identificaron contactos estrechos y el platel se realizar\u00e1 otro control de ant\u00edgenos en la previa del duelo ante Uni\u00f3n Espa\u00f1ola.\u00a0<\/p>\n","protected":false},"excerpt":{"rendered":"<p>Las malas siguen cayendo en el CDA, esto luego de que en esta jornada se realizaran testeos de ant\u00edgenos en el plantel azul. Lamentablemente se detectaron dos casos positivos de COVID-19, los que se encuentran en bue estado de salud y se encuentran aislados. Seg\u00fan se\u00f1ala un comunicado del club, no se identificaron contactos estrechos [&#8230;]<\/p>\n","protected":false},"author":65,"featured_media":17901,"comment_status":"closed","ping_status":"open","sticky":false,"template":"","format":"standard","meta":{"footnotes":""},"categories":[18],"tags":[1689,1693],"class_list":{"0":"post-18919","1":"post","2":"type-post","3":"status-publish","4":"format-standard","5":"has-post-thumbnail","7":"category-actualidad","8":"tag-covid","9":"tag-u-de-chie"},"_links":{"self":[{"href":"https:\/\/www.rincondelbulla.cl\/portal\/wp-json\/wp\/v2\/posts\/18919","targetHints":{"allow":["GET"]}}],"collection":[{"href":"https:\/\/www.rincondelbulla.cl\/portal\/wp-json\/wp\/v2\/posts"}],"about":[{"href":"https:\/\/www.rincondelbulla.cl\/portal\/wp-json\/wp\/v2\/types\/post"}],"author":[{"embeddable":true,"href":"https:\/\/www.rincondelbulla.cl\/portal\/wp-json\/wp\/v2\/users\/65"}],"replies":[{"embeddable":true,"href":"https:\/\/www.rincondelbulla.cl\/portal\/wp-json\/wp\/v2\/comments?post=18919"}],"version-history":[{"count":1,"href":"https:\/\/www.rincondelbulla.cl\/portal\/wp-json\/wp\/v2\/posts\/18919\/revisions"}],"predecessor-version":[{"id":18920,"href":"https:\/\/www.rincondelbulla.cl\/portal\/wp-json\/wp\/v2\/posts\/18919\/revisions\/18920"}],"wp:featuredmedia":[{"embeddable":true,"href":"https:\/\/www.rincondelbulla.cl\/portal\/wp-json\/wp\/v2\/media\/17901"}],"wp:attachment":[{"href":"https:\/\/www.rincondelbulla.cl\/portal\/wp-json\/wp\/v2\/media?parent=18919"}],"wp:term":[{"taxonomy":"category","embeddable":true,"href":"https:\/\/www.rincondelbulla.cl\/portal\/wp-json\/wp\/v2\/categories?post=18919"},{"taxonomy":"post_tag","embeddable":true,"href":"https:\/\/www.rincondelbulla.cl\/portal\/wp-json\/wp\/v2\/tags?post=18919"}],"curies":[{"name":"wp","href":"https:\/\/api.w.org\/{rel}","templated":true}]}}