{"id":19154,"date":"2022-05-12T12:55:06","date_gmt":"2022-05-12T16:55:06","guid":{"rendered":"http:\/\/www.rincondelbulla.cl\/portal\/?p=19154"},"modified":"2022-05-12T12:55:08","modified_gmt":"2022-05-12T16:55:08","slug":"marcelo-morales-todos-estabamos-conscientes-de-lo-que-estaba-pasando","status":"publish","type":"post","link":"https:\/\/www.rincondelbulla.cl\/portal\/2022\/05\/12\/marcelo-morales-todos-estabamos-conscientes-de-lo-que-estaba-pasando\/","title":{"rendered":"Marcelo Morales: \u00abTodos est\u00e1bamos conscientes de lo que estaba pasando\u00bb"},"content":{"rendered":"\n<p>En la previa de lo que ser\u00e1 el duelo entre Everton y la Universidad de Chile, el lateral izquiero de la \u00abU\u00bb, Marcelo Morales afront\u00f3 una conferencia de prensa donde abord\u00f3 las habilidades del rival y cosas que suceden en la \u00abU\u00bb.<\/p>\n<p><span style=\"font-weight: 400;\">\u00abNos vamos a enfrentar con un equipo muy competitivo, que est\u00e1 en sudamericana. Tiene buenos jugadores en todas sus l\u00edneas y nosotros intentaremos repetir lo que hicimos ante La Serena\u00bb, apunt\u00f3 canterano.<\/span><\/p>\n<p><span style=\"font-weight: 400;\">Sobre el momento de la \u00abU\u00bb y el cambi\u00f3 que se vio ante La Serena, Morales se\u00f1al\u00f3 que \u00abl<\/span><span style=\"font-weight: 400;\">o conversamos en el grupo, todos est\u00e1bamos conscientes de lo que estaba pasando. Nos soltamos m\u00e1s, supimos llevar la intensidad y nos dio un aire esta semana\u00bb.<\/span><\/p>\n<p>En ese mismo partido, el Shelo pudo salir expulsado por una imprudente falta. \u00ab<span style=\"font-weight: 400;\">Fue una jugada muy arriesgada, pude recibir una tarjeta roja o no, fue muy al l\u00edmite, pero no fue con mala intenci\u00f3n\u00bb, agregando que \u00abs<\/span><span style=\"font-weight: 400;\">oy bien responsable de los errores que cometo, ver mis falencias y tratar de mejorarlas. Soy bastante autocr\u00edtico, s\u00e9 las falencias que tengo y lo que debo trabajar\u00bb.<\/span><\/p>\n<p>El lateral tambi\u00e9n tuvo palabras para Miranda. \u00ab<span style=\"font-weight: 400;\">A Seba lo he tenido en juveniles, selecci\u00f3n, ahora en el plantel y siempre me ha recalcado la parte defensiva, nos ayuda a ordenarnos con los centrales y es algo muy mejorable para nosotros\u00bb, apunt\u00f3.<\/span><\/p>\n<p><span style=\"font-weight: 400;\">Finalmente, dio luces de su competencia con su compa\u00f1ero Jos\u00e9 Castro. \u00abPelear el puesto con el zurdo es muy lindo, porque somos dos jugadores del club, es muy sana porque el saca la mejor versi\u00f3n m\u00eda y yo la de \u00e9l. Al final es el profe qui\u00e9n decide qui\u00e9n juega\u00bb, cerr\u00f3.<\/span><\/p>\n\n\n","protected":false},"excerpt":{"rendered":"<p>En la previa de lo que ser\u00e1 el duelo entre Everton y la Universidad de Chile, el lateral izquiero de la \u00abU\u00bb, Marcelo Morales afront\u00f3 una conferencia de prensa donde abord\u00f3 las habilidades del rival y cosas que suceden en la \u00abU\u00bb. \u00abNos vamos a enfrentar con un equipo muy competitivo, que est\u00e1 en sudamericana. [&#8230;]<\/p>\n","protected":false},"author":65,"featured_media":19155,"comment_status":"closed","ping_status":"open","sticky":false,"template":"","format":"standard","meta":{"footnotes":""},"categories":[18],"tags":[1904,1715],"class_list":{"0":"post-19154","1":"post","2":"type-post","3":"status-publish","4":"format-standard","5":"has-post-thumbnail","7":"category-actualidad","8":"tag-conferenciau-de-chile","9":"tag-marcelo-morales"},"_links":{"self":[{"href":"https:\/\/www.rincondelbulla.cl\/portal\/wp-json\/wp\/v2\/posts\/19154","targetHints":{"allow":["GET"]}}],"collection":[{"href":"https:\/\/www.rincondelbulla.cl\/portal\/wp-json\/wp\/v2\/posts"}],"about":[{"href":"https:\/\/www.rincondelbulla.cl\/portal\/wp-json\/wp\/v2\/types\/post"}],"author":[{"embeddable":true,"href":"https:\/\/www.rincondelbulla.cl\/portal\/wp-json\/wp\/v2\/users\/65"}],"replies":[{"embeddable":true,"href":"https:\/\/www.rincondelbulla.cl\/portal\/wp-json\/wp\/v2\/comments?post=19154"}],"version-history":[{"count":1,"href":"https:\/\/www.rincondelbulla.cl\/portal\/wp-json\/wp\/v2\/posts\/19154\/revisions"}],"predecessor-version":[{"id":19156,"href":"https:\/\/www.rincondelbulla.cl\/portal\/wp-json\/wp\/v2\/posts\/19154\/revisions\/19156"}],"wp:featuredmedia":[{"embeddable":true,"href":"https:\/\/www.rincondelbulla.cl\/portal\/wp-json\/wp\/v2\/media\/19155"}],"wp:attachment":[{"href":"https:\/\/www.rincondelbulla.cl\/portal\/wp-json\/wp\/v2\/media?parent=19154"}],"wp:term":[{"taxonomy":"category","embeddable":true,"href":"https:\/\/www.rincondelbulla.cl\/portal\/wp-json\/wp\/v2\/categories?post=19154"},{"taxonomy":"post_tag","embeddable":true,"href":"https:\/\/www.rincondelbulla.cl\/portal\/wp-json\/wp\/v2\/tags?post=19154"}],"curies":[{"name":"wp","href":"https:\/\/api.w.org\/{rel}","templated":true}]}}