{"id":19157,"date":"2022-05-17T15:05:32","date_gmt":"2022-05-17T19:05:32","guid":{"rendered":"http:\/\/www.rincondelbulla.cl\/portal\/?p=19157"},"modified":"2022-05-17T15:11:52","modified_gmt":"2022-05-17T19:11:52","slug":"josema-ante-una-eventual-salida-anticipada-soy-consciente-del-rumor-pero-lo-desconozco","status":"publish","type":"post","link":"https:\/\/www.rincondelbulla.cl\/portal\/2022\/05\/17\/josema-ante-una-eventual-salida-anticipada-soy-consciente-del-rumor-pero-lo-desconozco\/","title":{"rendered":"Jos\u00e9Ma ante una eventual salida anticipada: \u00abSoy consciente del rumor, pero lo desconozco\u00bb"},"content":{"rendered":"\n<p>Luego de volver a caer por el Torneo Nacional, la \u00abU\u00bb fija su vista en Huachipato. En ese sentido fue el defensor Jos\u00e9 Mar\u00eda Carrasco quien habl\u00f3 este martes con la prensa.<\/p>\n<p>Eso si, las preguntas apuntaron r\u00e1pidamente a una eventual salida anticipada que hace poco m\u00e1s de un mes el diario La Tercera consign\u00f3 como de alta probabilidad.\u00a0\u00abLo desconozco, soy conciente del rumor aquel, pero lo dezconozco totalmente. Yo me encuentro enfocado en la U, con el nuevo cuerpo t\u00e9cnico. Tengo contrato hasta diciembre y estoy mentalizado y solo pienso en el partido del s\u00e1bado ante Huachipato\u00bb, fue tajante el seleccionado boliviano.<\/p>\n<p>Sobre el origende esta informaci\u00f3n asegur\u00f3 desconocer \u00abde d\u00f3nde parte el rumor, pero soy conciente que en un club grande van a salir ese tipo de temas. Yo estoy tranquilo, trato de apegarme al grupo y a mi familia\u00bb.<\/p>\n<p>Sobre su presente futbol\u00edstico aunt\u00f3 a que \u00abhe venido de menos a m\u00e1s, ven\u00eda de un a\u00f1o sin jugar, he ido recuperando las sensaciones y hasta ahora ha sido una temporada complicada, pero el grupo est\u00e1 fuerte y con este cuerpo t\u00e9cnico trataremos de seguir aportando y a final de a\u00f1o se har\u00e1 un balace de todo lo que estamos haciendo\u00bb.<\/p>\n<p>\u00abCon Ignacio y Basti\u00e1n hemos rotado en la posici\u00f3n, el cuerpo t\u00e9cnico ha tratado de mejorar y en el bloque tenemos que ir creciendo. Hemos tenido errores, tratamos de mejorar, en los \u00faltimos dos partdos se han visto puntos buenos en lo defensivo y en lo futbol\u00edstico\u00bb, coment\u00f3 para cerrar en torno al bloque defesivo.<\/p>\n<p><div class=\"youtube-embed\" data-video_id=\"TqH4vgCEqy4\"><iframe loading=\"lazy\" title=\"[EN VIVO] Jos\u00e9 Mar\u00eda Carrasco habla con la prensa en el Centro Deportivo Azul\" width=\"696\" height=\"392\" src=\"https:\/\/www.youtube.com\/embed\/TqH4vgCEqy4?feature=oembed&#038;enablejsapi=1\" frameborder=\"0\" allow=\"accelerometer; autoplay; clipboard-write; encrypted-media; gyroscope; picture-in-picture\" allowfullscreen><\/iframe><\/div><\/p>\n","protected":false},"excerpt":{"rendered":"<p>Luego de volver a caer por el Torneo Nacional, la \u00abU\u00bb fija su vista en Huachipato. En ese sentido fue el defensor Jos\u00e9 Mar\u00eda Carrasco quien habl\u00f3 este martes con la prensa. Eso si, las preguntas apuntaron r\u00e1pidamente a una eventual salida anticipada que hace poco m\u00e1s de un mes el diario La Tercera consign\u00f3 [&#8230;]<\/p>\n","protected":false},"author":65,"featured_media":19158,"comment_status":"closed","ping_status":"open","sticky":false,"template":"","format":"standard","meta":{"footnotes":""},"categories":[18],"tags":[1843,1905,294],"class_list":{"0":"post-19157","1":"post","2":"type-post","3":"status-publish","4":"format-standard","5":"has-post-thumbnail","7":"category-actualidad","8":"tag-jose-maria-carrasco","9":"tag-josema","10":"tag-u-de-chile"},"_links":{"self":[{"href":"https:\/\/www.rincondelbulla.cl\/portal\/wp-json\/wp\/v2\/posts\/19157","targetHints":{"allow":["GET"]}}],"collection":[{"href":"https:\/\/www.rincondelbulla.cl\/portal\/wp-json\/wp\/v2\/posts"}],"about":[{"href":"https:\/\/www.rincondelbulla.cl\/portal\/wp-json\/wp\/v2\/types\/post"}],"author":[{"embeddable":true,"href":"https:\/\/www.rincondelbulla.cl\/portal\/wp-json\/wp\/v2\/users\/65"}],"replies":[{"embeddable":true,"href":"https:\/\/www.rincondelbulla.cl\/portal\/wp-json\/wp\/v2\/comments?post=19157"}],"version-history":[{"count":2,"href":"https:\/\/www.rincondelbulla.cl\/portal\/wp-json\/wp\/v2\/posts\/19157\/revisions"}],"predecessor-version":[{"id":19160,"href":"https:\/\/www.rincondelbulla.cl\/portal\/wp-json\/wp\/v2\/posts\/19157\/revisions\/19160"}],"wp:featuredmedia":[{"embeddable":true,"href":"https:\/\/www.rincondelbulla.cl\/portal\/wp-json\/wp\/v2\/media\/19158"}],"wp:attachment":[{"href":"https:\/\/www.rincondelbulla.cl\/portal\/wp-json\/wp\/v2\/media?parent=19157"}],"wp:term":[{"taxonomy":"category","embeddable":true,"href":"https:\/\/www.rincondelbulla.cl\/portal\/wp-json\/wp\/v2\/categories?post=19157"},{"taxonomy":"post_tag","embeddable":true,"href":"https:\/\/www.rincondelbulla.cl\/portal\/wp-json\/wp\/v2\/tags?post=19157"}],"curies":[{"name":"wp","href":"https:\/\/api.w.org\/{rel}","templated":true}]}}