{"id":19215,"date":"2022-06-17T17:20:00","date_gmt":"2022-06-17T21:20:00","guid":{"rendered":"http:\/\/www.rincondelbulla.cl\/portal\/?p=19215"},"modified":"2022-06-17T17:20:02","modified_gmt":"2022-06-17T21:20:02","slug":"diego-lopez-desconoce-una-salida-de-galindez-no-me-lo-ha-comunicado-al-club-tampoco","status":"publish","type":"post","link":"https:\/\/www.rincondelbulla.cl\/portal\/2022\/06\/17\/diego-lopez-desconoce-una-salida-de-galindez-no-me-lo-ha-comunicado-al-club-tampoco\/","title":{"rendered":"Diego L\u00f3pez desconoce una salida de Gal\u00edndez: \u00abNo me lo ha comunicado, al club tampoco\u00bb"},"content":{"rendered":"\n<p>\u00abVoy a hablar de f\u00fatbol eh, nada m\u00e1s&#8230;\u00bb, medio en serio medio en broma fue el tono de Diego L\u00f3pez en su primera conferencia de prensa previo a un partido de f\u00fatbol.<\/p>\n<p>El tema de Hern\u00e1n Gal\u00edndez y una pr\u00f3xima salida del club se llev\u00f3 todos los focos. \u00abHe hablado con \u00e9l y no me lo ha comunicado, al club tampoco. A mi no es que no me interese, son cosas que son extrafutbol\u00edsticas y aqu\u00ed vengo a hablar del partido, en realidad prefiero hablar del grupo, del partido y si hay otras preguntas de Gal\u00edndez, \u00e9l nunca me djo que quer\u00eda salir del club. Ha venido y entrenado a la par de sus compa\u00f1eros, es lo que puedo decir\u00bb, dijo de entrada.<\/p>\n<p>El t\u00e9cnico ue consultado por la realidad de su plantel, que hoy tiene un reuerzo y de manera oficializada la salida de dos jugadores. \u00abLa realidad es que ha llegado Ojeda, estamos contentos que pudo llegar inmediatamente, todos los etrenadores queremos todo ya, y desde que entreno nunca me ha pasado, llevan tiempo las negociaciones\u00bb, indic\u00f3.<\/p>\n<p>Sobre su trabajo y el pr\u00f3ximo duelo, el estratega apunt\u00f3 que \u00abla prioridad es el equipo, transmitir nuestra idea, creemos que el 442 se puede adaptar a las caracter\u00edsticas de los jugadores y estamos construyendo algo importante, el tiempo apremia, necesitamos resultados inmediatos, ahora vamos a jugar con un equipo de segunda divisi\u00f3n y tenemos que afrontarlo con el m\u00e1ximo respeto y tratar de dar el 120%\u00bb.<\/p>\n<p>L\u00f3pez tambi\u00e9n coment\u00f3 la realidad de algunos juveniles con opciones, tambi\u00e9n que Jos\u00e9 Mar\u00eda Carrasco sigue entrenando con el plantel, y que tanto Osorio como Ronnie no ser\u00e1n considerados para el duelo de este domingo,<\/p>\n<p><div class=\"youtube-embed\" data-video_id=\"Y3ZwWhm-pQk\"><iframe loading=\"lazy\" title=\"[17 de junio] Diego L\u00f3pez habla con la prensa en el Centro Deportivo Azul\" width=\"696\" height=\"392\" src=\"https:\/\/www.youtube.com\/embed\/Y3ZwWhm-pQk?feature=oembed&#038;enablejsapi=1\" frameborder=\"0\" allow=\"accelerometer; autoplay; clipboard-write; encrypted-media; gyroscope; picture-in-picture\" allowfullscreen><\/iframe><\/div><\/p>\n<p>\u00a0<\/p>\n","protected":false},"excerpt":{"rendered":"<p>\u00abVoy a hablar de f\u00fatbol eh, nada m\u00e1s&#8230;\u00bb, medio en serio medio en broma fue el tono de Diego L\u00f3pez en su primera conferencia de prensa previo a un partido de f\u00fatbol. El tema de Hern\u00e1n Gal\u00edndez y una pr\u00f3xima salida del club se llev\u00f3 todos los focos. \u00abHe hablado con \u00e9l y no me [&#8230;]<\/p>\n","protected":false},"author":65,"featured_media":19216,"comment_status":"closed","ping_status":"open","sticky":false,"template":"","format":"standard","meta":{"footnotes":""},"categories":[18],"tags":[1918,294],"class_list":{"0":"post-19215","1":"post","2":"type-post","3":"status-publish","4":"format-standard","5":"has-post-thumbnail","7":"category-actualidad","8":"tag-diego-lopez","9":"tag-u-de-chile"},"_links":{"self":[{"href":"https:\/\/www.rincondelbulla.cl\/portal\/wp-json\/wp\/v2\/posts\/19215","targetHints":{"allow":["GET"]}}],"collection":[{"href":"https:\/\/www.rincondelbulla.cl\/portal\/wp-json\/wp\/v2\/posts"}],"about":[{"href":"https:\/\/www.rincondelbulla.cl\/portal\/wp-json\/wp\/v2\/types\/post"}],"author":[{"embeddable":true,"href":"https:\/\/www.rincondelbulla.cl\/portal\/wp-json\/wp\/v2\/users\/65"}],"replies":[{"embeddable":true,"href":"https:\/\/www.rincondelbulla.cl\/portal\/wp-json\/wp\/v2\/comments?post=19215"}],"version-history":[{"count":1,"href":"https:\/\/www.rincondelbulla.cl\/portal\/wp-json\/wp\/v2\/posts\/19215\/revisions"}],"predecessor-version":[{"id":19217,"href":"https:\/\/www.rincondelbulla.cl\/portal\/wp-json\/wp\/v2\/posts\/19215\/revisions\/19217"}],"wp:featuredmedia":[{"embeddable":true,"href":"https:\/\/www.rincondelbulla.cl\/portal\/wp-json\/wp\/v2\/media\/19216"}],"wp:attachment":[{"href":"https:\/\/www.rincondelbulla.cl\/portal\/wp-json\/wp\/v2\/media?parent=19215"}],"wp:term":[{"taxonomy":"category","embeddable":true,"href":"https:\/\/www.rincondelbulla.cl\/portal\/wp-json\/wp\/v2\/categories?post=19215"},{"taxonomy":"post_tag","embeddable":true,"href":"https:\/\/www.rincondelbulla.cl\/portal\/wp-json\/wp\/v2\/tags?post=19215"}],"curies":[{"name":"wp","href":"https:\/\/api.w.org\/{rel}","templated":true}]}}