{"id":19372,"date":"2022-08-04T16:49:22","date_gmt":"2022-08-04T20:49:22","guid":{"rendered":"http:\/\/www.rincondelbulla.cl\/portal\/?p=19372"},"modified":"2022-08-04T17:21:13","modified_gmt":"2022-08-04T21:21:13","slug":"sergio-vargas-apunta-a-la-conformacion-del-plantel-este-ano-no-se-hicieron-buenas-eleciones","status":"publish","type":"post","link":"https:\/\/www.rincondelbulla.cl\/portal\/2022\/08\/04\/sergio-vargas-apunta-a-la-conformacion-del-plantel-este-ano-no-se-hicieron-buenas-eleciones\/","title":{"rendered":"Sergio Vargas apunta a la conformaci\u00f3n del plantel: \u00abEste a\u00f1o no se hicieron buenas elecciones\u00bb"},"content":{"rendered":"\n<p>En medio de una cl\u00ednica de \u00ab<a href=\"https:\/\/www.instagram.com\/footvolleychile\/?igshid=YmMyMTA2M2Y%3D\">Footvolley<\/a>\u00bb realizada con ni\u00f1os de diferentes colelgios, Sergio Vargas, voz autorizada, convers\u00f3 del complejo momento que atravieza la Universidad de Chile.<\/p>\n<p>\u00abEs un momento complicado, est\u00e1 dif\u00edcil, quedan 10 partidos, hay que prepararse para jugar 10 finales. Esperemos que el equipo consiga las respuestas para ir ganando, pero lo m\u00e1s importante es el pr\u00f3ximo partido. El duelo con Uni\u00f3n es una verdadera final, y despu\u00e9s podr\u00e1 pensar en Curic\u00f3\u00bb, comenz\u00f3 diciendo el hist\u00f3rico guardameta.<\/p>\n<p>El tambi\u00e9n ex gerente deporivo complent\u00f3 que \u00abes complicado porque el equipo no ha encontrado las respuestas en cuanto a resultados y juego colectivo. Se meti\u00f3 ya en la parte de abajo y en este \u00faltimo tramo de campeonato, cada punto y partido es fundamental\u00bb.<\/p>\n<p>Pero el problema de ra\u00edz el Superm\u00e1n lo tiene muy claro. \u00abEste a\u00f1o no se hicieron buenas elecciones, algunos que llegaron no est\u00e1n, otros no han tenido un buen rendimiento, el t\u00e9cnico se tuvo que ir, el gerente deportivo se tuvo que ir, y una serie de mala toma de decisiones\u00bb, analiza.<\/p>\n<p>Respecto a a\u00f1os anteriores apunta a que \u00abhay muchas diferencias, el 2021 se gastaron 700 mil d\u00f3lares en 6 refuerzos, ahora se gast\u00f3 4 millones de d\u00f3lares en 12 refuerzos. Hubo refuerzos para conformar un buen equipo, pero las elecciones no fueron las correctas. El 2020 se invirti\u00f3 10 veces menos, y son muy diferentes los momentos y las situaciones\u00bb.<\/p>\n<p><img loading=\"lazy\" decoding=\"async\" class=\"alignnone size-medium wp-image-19373\" src=\"http:\/\/www.rincondelbulla.cl\/portal\/wp-content\/uploads\/2022\/08\/WhatsApp-Image-2022-08-04-at-4.45.23-PM-300x225.jpeg\" alt=\"\" width=\"300\" height=\"225\" srcset=\"https:\/\/www.rincondelbulla.cl\/portal\/wp-content\/uploads\/2022\/08\/WhatsApp-Image-2022-08-04-at-4.45.23-PM-300x225.jpeg 300w, https:\/\/www.rincondelbulla.cl\/portal\/wp-content\/uploads\/2022\/08\/WhatsApp-Image-2022-08-04-at-4.45.23-PM-1200x900.jpeg 1200w, https:\/\/www.rincondelbulla.cl\/portal\/wp-content\/uploads\/2022\/08\/WhatsApp-Image-2022-08-04-at-4.45.23-PM-768x576.jpeg 768w, https:\/\/www.rincondelbulla.cl\/portal\/wp-content\/uploads\/2022\/08\/WhatsApp-Image-2022-08-04-at-4.45.23-PM-1536x1152.jpeg 1536w, https:\/\/www.rincondelbulla.cl\/portal\/wp-content\/uploads\/2022\/08\/WhatsApp-Image-2022-08-04-at-4.45.23-PM-696x522.jpeg 696w, https:\/\/www.rincondelbulla.cl\/portal\/wp-content\/uploads\/2022\/08\/WhatsApp-Image-2022-08-04-at-4.45.23-PM-1068x801.jpeg 1068w, https:\/\/www.rincondelbulla.cl\/portal\/wp-content\/uploads\/2022\/08\/WhatsApp-Image-2022-08-04-at-4.45.23-PM-560x420.jpeg 560w, https:\/\/www.rincondelbulla.cl\/portal\/wp-content\/uploads\/2022\/08\/WhatsApp-Image-2022-08-04-at-4.45.23-PM-80x60.jpeg 80w, https:\/\/www.rincondelbulla.cl\/portal\/wp-content\/uploads\/2022\/08\/WhatsApp-Image-2022-08-04-at-4.45.23-PM-265x198.jpeg 265w, https:\/\/www.rincondelbulla.cl\/portal\/wp-content\/uploads\/2022\/08\/WhatsApp-Image-2022-08-04-at-4.45.23-PM.jpeg 1600w\" sizes=\"auto, (max-width: 300px) 100vw, 300px\" \/><\/p>\n<p>\u00a0<\/p>\n<p>\u00a0<\/p>\n","protected":false},"excerpt":{"rendered":"<p>En medio de una cl\u00ednica de \u00abFootvolley\u00bb realizada con ni\u00f1os de diferentes colelgios, Sergio Vargas, voz autorizada, convers\u00f3 del complejo momento que atravieza la Universidad de Chile. \u00abEs un momento complicado, est\u00e1 dif\u00edcil, quedan 10 partidos, hay que prepararse para jugar 10 finales. Esperemos que el equipo consiga las respuestas para ir ganando, pero lo [&#8230;]<\/p>\n","protected":false},"author":65,"featured_media":19374,"comment_status":"closed","ping_status":"open","sticky":false,"template":"","format":"standard","meta":{"footnotes":""},"categories":[18],"tags":[174,646,294],"class_list":{"0":"post-19372","1":"post","2":"type-post","3":"status-publish","4":"format-standard","5":"has-post-thumbnail","7":"category-actualidad","8":"tag-azul-azul","9":"tag-sergio-vargas","10":"tag-u-de-chile"},"_links":{"self":[{"href":"https:\/\/www.rincondelbulla.cl\/portal\/wp-json\/wp\/v2\/posts\/19372","targetHints":{"allow":["GET"]}}],"collection":[{"href":"https:\/\/www.rincondelbulla.cl\/portal\/wp-json\/wp\/v2\/posts"}],"about":[{"href":"https:\/\/www.rincondelbulla.cl\/portal\/wp-json\/wp\/v2\/types\/post"}],"author":[{"embeddable":true,"href":"https:\/\/www.rincondelbulla.cl\/portal\/wp-json\/wp\/v2\/users\/65"}],"replies":[{"embeddable":true,"href":"https:\/\/www.rincondelbulla.cl\/portal\/wp-json\/wp\/v2\/comments?post=19372"}],"version-history":[{"count":3,"href":"https:\/\/www.rincondelbulla.cl\/portal\/wp-json\/wp\/v2\/posts\/19372\/revisions"}],"predecessor-version":[{"id":19378,"href":"https:\/\/www.rincondelbulla.cl\/portal\/wp-json\/wp\/v2\/posts\/19372\/revisions\/19378"}],"wp:featuredmedia":[{"embeddable":true,"href":"https:\/\/www.rincondelbulla.cl\/portal\/wp-json\/wp\/v2\/media\/19374"}],"wp:attachment":[{"href":"https:\/\/www.rincondelbulla.cl\/portal\/wp-json\/wp\/v2\/media?parent=19372"}],"wp:term":[{"taxonomy":"category","embeddable":true,"href":"https:\/\/www.rincondelbulla.cl\/portal\/wp-json\/wp\/v2\/categories?post=19372"},{"taxonomy":"post_tag","embeddable":true,"href":"https:\/\/www.rincondelbulla.cl\/portal\/wp-json\/wp\/v2\/tags?post=19372"}],"curies":[{"name":"wp","href":"https:\/\/api.w.org\/{rel}","templated":true}]}}