{"id":19390,"date":"2022-08-10T20:39:49","date_gmt":"2022-08-11T00:39:49","guid":{"rendered":"http:\/\/www.rincondelbulla.cl\/portal\/?p=19390"},"modified":"2022-08-10T20:39:50","modified_gmt":"2022-08-11T00:39:50","slug":"lo-de-brun-solo-fue-un-susto-y-finalmente-entreno-en-la-tarde","status":"publish","type":"post","link":"https:\/\/www.rincondelbulla.cl\/portal\/2022\/08\/10\/lo-de-brun-solo-fue-un-susto-y-finalmente-entreno-en-la-tarde\/","title":{"rendered":"Lo de Brun solo fue un susto y finalmente entren\u00f3 en la tarde"},"content":{"rendered":"\n<p>En horas de esta ma\u00f1ana se encendieron las alarmas en el Centro Deportivo Azul, esto porque \u00c1lvaro Brun no pudo entrenar junto a sus compa\u00f1eros.<\/p>\n<p>La informaci\u00f3n dada a conocer por Bolavip asust\u00f3, ya que daban cuenta de una molestia f\u00edsica que dej\u00f3 al uruguayo al margen y lo mand\u00f3 derecho a la cl\u00ednica por precauci\u00f3n a realizarse ex\u00e1menes.\u00a0<\/p>\n<p>Esto a todas luces se ve\u00eda complejo, ya que la escasez de centrales complica a Diego L\u00f3pez a la hora de conformar el once y Brun ha tomado de buena forma la reconversi\u00f3n en ese puesto, pese a su expulsi\u00f3n ante O&#8217;Higgins.<\/p>\n<p>Afortunadamente, mediante una ecograf\u00eda se decart\u00f3 cualquier lesi\u00f3n y simplemente es una peque\u00f1a sobrecarga en el aductor, por lo cual podr\u00e1 estar para el duelo de este s\u00e1bado ante Curic\u00f3 Unido.<\/p>\n<p>Y pese a que en la ma\u00f1ana no pudo entrenar en el CDA, seg\u00fan informan a Rincondelbulla, en horas de la tarde, el ahora central azul fue hasta a cl\u00ednica para hacer un poco de entrenamiento f\u00edsico y ma\u00f1ana lo har\u00e1 de forma normal con el resto del plantel.<\/p>\n","protected":false},"excerpt":{"rendered":"<p>En horas de esta ma\u00f1ana se encendieron las alarmas en el Centro Deportivo Azul, esto porque \u00c1lvaro Brun no pudo entrenar junto a sus compa\u00f1eros. La informaci\u00f3n dada a conocer por Bolavip asust\u00f3, ya que daban cuenta de una molestia f\u00edsica que dej\u00f3 al uruguayo al margen y lo mand\u00f3 derecho a la cl\u00ednica por [&#8230;]<\/p>\n","protected":false},"author":65,"featured_media":19391,"comment_status":"closed","ping_status":"open","sticky":false,"template":"","format":"standard","meta":{"footnotes":""},"categories":[18],"tags":[1859,294],"class_list":{"0":"post-19390","1":"post","2":"type-post","3":"status-publish","4":"format-standard","5":"has-post-thumbnail","7":"category-actualidad","8":"tag-alvaro-brun","9":"tag-u-de-chile"},"_links":{"self":[{"href":"https:\/\/www.rincondelbulla.cl\/portal\/wp-json\/wp\/v2\/posts\/19390","targetHints":{"allow":["GET"]}}],"collection":[{"href":"https:\/\/www.rincondelbulla.cl\/portal\/wp-json\/wp\/v2\/posts"}],"about":[{"href":"https:\/\/www.rincondelbulla.cl\/portal\/wp-json\/wp\/v2\/types\/post"}],"author":[{"embeddable":true,"href":"https:\/\/www.rincondelbulla.cl\/portal\/wp-json\/wp\/v2\/users\/65"}],"replies":[{"embeddable":true,"href":"https:\/\/www.rincondelbulla.cl\/portal\/wp-json\/wp\/v2\/comments?post=19390"}],"version-history":[{"count":1,"href":"https:\/\/www.rincondelbulla.cl\/portal\/wp-json\/wp\/v2\/posts\/19390\/revisions"}],"predecessor-version":[{"id":19392,"href":"https:\/\/www.rincondelbulla.cl\/portal\/wp-json\/wp\/v2\/posts\/19390\/revisions\/19392"}],"wp:featuredmedia":[{"embeddable":true,"href":"https:\/\/www.rincondelbulla.cl\/portal\/wp-json\/wp\/v2\/media\/19391"}],"wp:attachment":[{"href":"https:\/\/www.rincondelbulla.cl\/portal\/wp-json\/wp\/v2\/media?parent=19390"}],"wp:term":[{"taxonomy":"category","embeddable":true,"href":"https:\/\/www.rincondelbulla.cl\/portal\/wp-json\/wp\/v2\/categories?post=19390"},{"taxonomy":"post_tag","embeddable":true,"href":"https:\/\/www.rincondelbulla.cl\/portal\/wp-json\/wp\/v2\/tags?post=19390"}],"curies":[{"name":"wp","href":"https:\/\/api.w.org\/{rel}","templated":true}]}}