{"id":19554,"date":"2022-09-09T12:05:04","date_gmt":"2022-09-09T16:05:04","guid":{"rendered":"http:\/\/www.rincondelbulla.cl\/portal\/?p=19554"},"modified":"2022-09-09T12:05:06","modified_gmt":"2022-09-09T16:05:06","slug":"vanina-correa-se-convertira-en-arquera-de-la-u","status":"publish","type":"post","link":"https:\/\/www.rincondelbulla.cl\/portal\/2022\/09\/09\/vanina-correa-se-convertira-en-arquera-de-la-u\/","title":{"rendered":"Vanina Correa se convertir\u00e1 en arquera de la \u201cU\u201d"},"content":{"rendered":"\n<p>La lesi\u00f3n de Natalia Campos oblig\u00f3 a la Universidad de Chile a salir en b\u00fasqueda de una arquera para poder reforzarse en esta segunda rueda del campeonato y de cara a Copa Libertadores.<\/p>\n<p>Y es que la portera azul entrar\u00e1 hoy a pabell\u00f3n y no podr\u00e1 volver a disputar minutos en este 2022, por lo que habr\u00eda que buscar una reemplazante que estuviese a su nivel.<\/p>\n<p>Afortunadamente la \u00abU\u00bb encontr\u00f3 esa arquera. Se trata de Vanina Correa, quien actualmente defiende el p\u00f3rtico de Rosario Central y tambi\u00e9n es la titular de la selecci\u00f3n argentina, quien seg\u00fan indica el portal \u00abEl Femenino\u00bb de Argentina llega a Las Leonas en condici\u00f3n de pr\u00e9stamo por todo lo que resta de este 2022.<\/p>\n<p>\u00abLa Flaca\u00bb arribar\u00e1 en en los pr\u00f3ximos d\u00edas al pa\u00eds, acompa\u00f1ada de un interesante curriculum, donde recientemente consigui\u00f3 el tercer puesto en la Copa Am\u00e9rica con la albiceleste, clasificando al mundial de Australia-Nueva Zelanda 2023.<\/p>\n","protected":false},"excerpt":{"rendered":"<p>La lesi\u00f3n de Natalia Campos oblig\u00f3 a la Universidad de Chile a salir en b\u00fasqueda de una arquera para poder reforzarse en esta segunda rueda del campeonato y de cara a Copa Libertadores. Y es que la portera azul entrar\u00e1 hoy a pabell\u00f3n y no podr\u00e1 volver a disputar minutos en este 2022, por lo [&#8230;]<\/p>\n","protected":false},"author":65,"featured_media":19555,"comment_status":"closed","ping_status":"open","sticky":false,"template":"","format":"standard","meta":{"footnotes":""},"categories":[18],"tags":[1860,294,1966],"class_list":{"0":"post-19554","1":"post","2":"type-post","3":"status-publish","4":"format-standard","5":"has-post-thumbnail","7":"category-actualidad","8":"tag-las-leonas","9":"tag-u-de-chile","10":"tag-vanina-correa"},"_links":{"self":[{"href":"https:\/\/www.rincondelbulla.cl\/portal\/wp-json\/wp\/v2\/posts\/19554","targetHints":{"allow":["GET"]}}],"collection":[{"href":"https:\/\/www.rincondelbulla.cl\/portal\/wp-json\/wp\/v2\/posts"}],"about":[{"href":"https:\/\/www.rincondelbulla.cl\/portal\/wp-json\/wp\/v2\/types\/post"}],"author":[{"embeddable":true,"href":"https:\/\/www.rincondelbulla.cl\/portal\/wp-json\/wp\/v2\/users\/65"}],"replies":[{"embeddable":true,"href":"https:\/\/www.rincondelbulla.cl\/portal\/wp-json\/wp\/v2\/comments?post=19554"}],"version-history":[{"count":3,"href":"https:\/\/www.rincondelbulla.cl\/portal\/wp-json\/wp\/v2\/posts\/19554\/revisions"}],"predecessor-version":[{"id":19565,"href":"https:\/\/www.rincondelbulla.cl\/portal\/wp-json\/wp\/v2\/posts\/19554\/revisions\/19565"}],"wp:featuredmedia":[{"embeddable":true,"href":"https:\/\/www.rincondelbulla.cl\/portal\/wp-json\/wp\/v2\/media\/19555"}],"wp:attachment":[{"href":"https:\/\/www.rincondelbulla.cl\/portal\/wp-json\/wp\/v2\/media?parent=19554"}],"wp:term":[{"taxonomy":"category","embeddable":true,"href":"https:\/\/www.rincondelbulla.cl\/portal\/wp-json\/wp\/v2\/categories?post=19554"},{"taxonomy":"post_tag","embeddable":true,"href":"https:\/\/www.rincondelbulla.cl\/portal\/wp-json\/wp\/v2\/tags?post=19554"}],"curies":[{"name":"wp","href":"https:\/\/api.w.org\/{rel}","templated":true}]}}