{"id":19574,"date":"2022-09-22T14:50:49","date_gmt":"2022-09-22T17:50:49","guid":{"rendered":"http:\/\/www.rincondelbulla.cl\/portal\/?p=19574"},"modified":"2022-09-22T14:55:16","modified_gmt":"2022-09-22T17:55:16","slug":"vanina-correa-es-oficializada-como-la-ultima-refuerzo-azul","status":"publish","type":"post","link":"https:\/\/www.rincondelbulla.cl\/portal\/2022\/09\/22\/vanina-correa-es-oficializada-como-la-ultima-refuerzo-azul\/","title":{"rendered":"Vanina Correa es oficializada como la \u00faltima refuerzo azul"},"content":{"rendered":"\n<p>Finalmente, la argentina Vanina Correa es presentada como la cuarta y \u00faltima refuerzo de la U de cara al segundo semestre.<\/p>\n<p>La experimentada arquera, y capitana del elenco albiceleste, llega al conjunto dirigido por Carlos Veliz en calidad de pr\u00e9stamo para reemplazar a Natalia Campos, quien ser\u00e1 baja durante todo lo que resta de temporada.<\/p>\n<p>La tres veces mundialista con la escuadra trasandina arriba al Rom\u00e1ntico Viajero proveniente de Rosario Central, equipo que cedi\u00f3 sus servicios hasta diciembre de este a\u00f1o. Con la camiseta de Universidad de Chile vivir\u00e1 su segunda experiencia disputando Copa Libertadores, puesto que ya disput\u00f3 el torneo continental defendiendo los colores de San Lorenzo.<\/p>\n<p style=\"text-align: center;\"><strong><em>Recuerda que puedes colaborar para que Rincondelbulla est\u00e9 presente en la Copa Libertadores junto a las Leonas. El link de la rifa lo encuentras en la bigraf\u00eda de nuestro Instagram.<\/em><\/strong><\/p>\n<h4 style=\"text-align: center;\"><a href=\"https:\/\/app.payku.cl\/p?a=10970pf6ef\"><strong>\u00a1COMPRA TU N\u00daMERO AQU\u00cd!<\/strong><\/a><\/h4>\n","protected":false},"excerpt":{"rendered":"<p>Finalmente, la argentina Vanina Correa es presentada como la cuarta y \u00faltima refuerzo de la U de cara al segundo semestre. La experimentada arquera, y capitana del elenco albiceleste, llega al conjunto dirigido por Carlos Veliz en calidad de pr\u00e9stamo para reemplazar a Natalia Campos, quien ser\u00e1 baja durante todo lo que resta de temporada. [&#8230;]<\/p>\n","protected":false},"author":21398,"featured_media":19575,"comment_status":"closed","ping_status":"open","sticky":false,"template":"","format":"standard","meta":{"footnotes":""},"categories":[18],"tags":[294,1966],"class_list":{"0":"post-19574","1":"post","2":"type-post","3":"status-publish","4":"format-standard","5":"has-post-thumbnail","7":"category-actualidad","8":"tag-u-de-chile","9":"tag-vanina-correa"},"_links":{"self":[{"href":"https:\/\/www.rincondelbulla.cl\/portal\/wp-json\/wp\/v2\/posts\/19574","targetHints":{"allow":["GET"]}}],"collection":[{"href":"https:\/\/www.rincondelbulla.cl\/portal\/wp-json\/wp\/v2\/posts"}],"about":[{"href":"https:\/\/www.rincondelbulla.cl\/portal\/wp-json\/wp\/v2\/types\/post"}],"author":[{"embeddable":true,"href":"https:\/\/www.rincondelbulla.cl\/portal\/wp-json\/wp\/v2\/users\/21398"}],"replies":[{"embeddable":true,"href":"https:\/\/www.rincondelbulla.cl\/portal\/wp-json\/wp\/v2\/comments?post=19574"}],"version-history":[{"count":2,"href":"https:\/\/www.rincondelbulla.cl\/portal\/wp-json\/wp\/v2\/posts\/19574\/revisions"}],"predecessor-version":[{"id":19578,"href":"https:\/\/www.rincondelbulla.cl\/portal\/wp-json\/wp\/v2\/posts\/19574\/revisions\/19578"}],"wp:featuredmedia":[{"embeddable":true,"href":"https:\/\/www.rincondelbulla.cl\/portal\/wp-json\/wp\/v2\/media\/19575"}],"wp:attachment":[{"href":"https:\/\/www.rincondelbulla.cl\/portal\/wp-json\/wp\/v2\/media?parent=19574"}],"wp:term":[{"taxonomy":"category","embeddable":true,"href":"https:\/\/www.rincondelbulla.cl\/portal\/wp-json\/wp\/v2\/categories?post=19574"},{"taxonomy":"post_tag","embeddable":true,"href":"https:\/\/www.rincondelbulla.cl\/portal\/wp-json\/wp\/v2\/tags?post=19574"}],"curies":[{"name":"wp","href":"https:\/\/api.w.org\/{rel}","templated":true}]}}