{"id":19597,"date":"2022-09-28T20:20:20","date_gmt":"2022-09-28T23:20:20","guid":{"rendered":"http:\/\/www.rincondelbulla.cl\/portal\/?p=19597"},"modified":"2022-09-28T20:44:37","modified_gmt":"2022-09-28T23:44:37","slug":"mauricio-isla-trato-de-cagones-a-jugadores-de-la-u-tras-agresion-a-parra","status":"publish","type":"post","link":"https:\/\/www.rincondelbulla.cl\/portal\/2022\/09\/28\/mauricio-isla-trato-de-cagones-a-jugadores-de-la-u-tras-agresion-a-parra\/","title":{"rendered":"Mauricio Isla trat\u00f3 de \u00abcagones\u00bb a jugadores de la \u00abU\u00bb tras agresi\u00f3n a Parra"},"content":{"rendered":"\n<p>Si ya era incre\u00edble y repudiable la situaci\u00f3n se vivi\u00f3 en el terreno de juego con la agesi\u00f3n a Mart\u00edn Parra, a muchos llamo la ateni\u00f3n la reacci\u00f3n de Pablo A\u00e1nguiz en contra de Mauricio Isla.<\/p>\n<p>Y es que seg\u00fan distintas fuentes, el \u00abHuaso\u00bb trat\u00f3 de \u00abcagones\u00bb a los jugadores de la \u00abU\u00bb y al propio Parra, argumentando que los elementos pirot\u00e9cnicos hab\u00edan ca\u00eddo lejos.<\/p>\n<p>Posteriormente, cuando se retiraban los jugadores, Isla insisti\u00f3 en su actitud gritando \u00abcagones culiaos, vuelvan a jugar\u00bb.<\/p>\n<p>Una actitud repudiable por parte del seleccionado chileno, quien muchas veces declar\u00f3 querer jugar con la \u00abU\u00bb en el pecho, pero con su actitud en esta jornada termina cerrando por fuera esa posibilidad.<\/p>\n","protected":false},"excerpt":{"rendered":"<p>Si ya era incre\u00edble y repudiable la situaci\u00f3n se vivi\u00f3 en el terreno de juego con la agesi\u00f3n a Mart\u00edn Parra, a muchos llamo la ateni\u00f3n la reacci\u00f3n de Pablo A\u00e1nguiz en contra de Mauricio Isla. Y es que seg\u00fan distintas fuentes, el \u00abHuaso\u00bb trat\u00f3 de \u00abcagones\u00bb a los jugadores de la \u00abU\u00bb y al [&#8230;]<\/p>\n","protected":false},"author":65,"featured_media":19598,"comment_status":"closed","ping_status":"open","sticky":false,"template":"","format":"standard","meta":{"footnotes":""},"categories":[18],"tags":[1477,294],"class_list":{"0":"post-19597","1":"post","2":"type-post","3":"status-publish","4":"format-standard","5":"has-post-thumbnail","7":"category-actualidad","8":"tag-mauricio-isla","9":"tag-u-de-chile"},"_links":{"self":[{"href":"https:\/\/www.rincondelbulla.cl\/portal\/wp-json\/wp\/v2\/posts\/19597","targetHints":{"allow":["GET"]}}],"collection":[{"href":"https:\/\/www.rincondelbulla.cl\/portal\/wp-json\/wp\/v2\/posts"}],"about":[{"href":"https:\/\/www.rincondelbulla.cl\/portal\/wp-json\/wp\/v2\/types\/post"}],"author":[{"embeddable":true,"href":"https:\/\/www.rincondelbulla.cl\/portal\/wp-json\/wp\/v2\/users\/65"}],"replies":[{"embeddable":true,"href":"https:\/\/www.rincondelbulla.cl\/portal\/wp-json\/wp\/v2\/comments?post=19597"}],"version-history":[{"count":2,"href":"https:\/\/www.rincondelbulla.cl\/portal\/wp-json\/wp\/v2\/posts\/19597\/revisions"}],"predecessor-version":[{"id":19600,"href":"https:\/\/www.rincondelbulla.cl\/portal\/wp-json\/wp\/v2\/posts\/19597\/revisions\/19600"}],"wp:featuredmedia":[{"embeddable":true,"href":"https:\/\/www.rincondelbulla.cl\/portal\/wp-json\/wp\/v2\/media\/19598"}],"wp:attachment":[{"href":"https:\/\/www.rincondelbulla.cl\/portal\/wp-json\/wp\/v2\/media?parent=19597"}],"wp:term":[{"taxonomy":"category","embeddable":true,"href":"https:\/\/www.rincondelbulla.cl\/portal\/wp-json\/wp\/v2\/categories?post=19597"},{"taxonomy":"post_tag","embeddable":true,"href":"https:\/\/www.rincondelbulla.cl\/portal\/wp-json\/wp\/v2\/tags?post=19597"}],"curies":[{"name":"wp","href":"https:\/\/api.w.org\/{rel}","templated":true}]}}