{"id":19714,"date":"2022-12-01T19:35:28","date_gmt":"2022-12-01T22:35:28","guid":{"rendered":"http:\/\/www.rincondelbulla.cl\/portal\/?p=19714"},"modified":"2022-12-01T19:35:29","modified_gmt":"2022-12-01T22:35:29","slug":"leandro-fernandez-tiene-todo-encaminado-para-llegar-a-la-u","status":"publish","type":"post","link":"https:\/\/www.rincondelbulla.cl\/portal\/2022\/12\/01\/leandro-fernandez-tiene-todo-encaminado-para-llegar-a-la-u\/","title":{"rendered":"Leandro Fern\u00e1ndez tiene todo encaminado para llegar a la \u00abU\u00bb"},"content":{"rendered":"\n<p>En la \u00abU\u00bb no pierden tiempo a la hora de elegir sus refuerzos, a casi una semana del retorno a los entrenamientos un nuevo fichaje est\u00e1 a punto de concretarse para sumarse a Juan Pablo Gomez y Federico Mateos.<\/p>\n<p>Se trata de Leandro Fern\u00e1ndez quien actualmente est\u00e1 como jugador libre tras el t\u00e9rmino de su v\u00ednculo con Independiente de Avellaneda. Ese club es clave, ya que el actual entrenador, Mauricio Pellegrino, lo dirigi\u00f3 entre el 2015 y 2016.<\/p>\n<p>El argentino de 31 a\u00f1os tiene todo encaminado con el club y solo restan cerrar detalles. De hecho al otro lado de la cordillera ya lo dan como jugador de la \u00abU\u00bb.<\/p>\n<p>Con su llegada, los azules quedar\u00edan sin cupos de extranjeros, por lo que todos los refuerzos que puedan llegar deben contar con la nacionalidad chilena, como el caso de Mat\u00edas Zaldivia, quien analiaza la posibilidad de arribar al CDA para engrosar el listado de defensores.<\/p>\n","protected":false},"excerpt":{"rendered":"<p>En la \u00abU\u00bb no pierden tiempo a la hora de elegir sus refuerzos, a casi una semana del retorno a los entrenamientos un nuevo fichaje est\u00e1 a punto de concretarse para sumarse a Juan Pablo Gomez y Federico Mateos. Se trata de Leandro Fern\u00e1ndez quien actualmente est\u00e1 como jugador libre tras el t\u00e9rmino de su [&#8230;]<\/p>\n","protected":false},"author":65,"featured_media":19715,"comment_status":"closed","ping_status":"open","sticky":false,"template":"","format":"standard","meta":{"footnotes":""},"categories":[18],"tags":[1986,294],"class_list":{"0":"post-19714","1":"post","2":"type-post","3":"status-publish","4":"format-standard","5":"has-post-thumbnail","7":"category-actualidad","8":"tag-leandro-fernandez","9":"tag-u-de-chile"},"_links":{"self":[{"href":"https:\/\/www.rincondelbulla.cl\/portal\/wp-json\/wp\/v2\/posts\/19714","targetHints":{"allow":["GET"]}}],"collection":[{"href":"https:\/\/www.rincondelbulla.cl\/portal\/wp-json\/wp\/v2\/posts"}],"about":[{"href":"https:\/\/www.rincondelbulla.cl\/portal\/wp-json\/wp\/v2\/types\/post"}],"author":[{"embeddable":true,"href":"https:\/\/www.rincondelbulla.cl\/portal\/wp-json\/wp\/v2\/users\/65"}],"replies":[{"embeddable":true,"href":"https:\/\/www.rincondelbulla.cl\/portal\/wp-json\/wp\/v2\/comments?post=19714"}],"version-history":[{"count":1,"href":"https:\/\/www.rincondelbulla.cl\/portal\/wp-json\/wp\/v2\/posts\/19714\/revisions"}],"predecessor-version":[{"id":19716,"href":"https:\/\/www.rincondelbulla.cl\/portal\/wp-json\/wp\/v2\/posts\/19714\/revisions\/19716"}],"wp:featuredmedia":[{"embeddable":true,"href":"https:\/\/www.rincondelbulla.cl\/portal\/wp-json\/wp\/v2\/media\/19715"}],"wp:attachment":[{"href":"https:\/\/www.rincondelbulla.cl\/portal\/wp-json\/wp\/v2\/media?parent=19714"}],"wp:term":[{"taxonomy":"category","embeddable":true,"href":"https:\/\/www.rincondelbulla.cl\/portal\/wp-json\/wp\/v2\/categories?post=19714"},{"taxonomy":"post_tag","embeddable":true,"href":"https:\/\/www.rincondelbulla.cl\/portal\/wp-json\/wp\/v2\/tags?post=19714"}],"curies":[{"name":"wp","href":"https:\/\/api.w.org\/{rel}","templated":true}]}}