{"id":19738,"date":"2022-12-12T14:57:06","date_gmt":"2022-12-12T17:57:06","guid":{"rendered":"http:\/\/www.rincondelbulla.cl\/portal\/?p=19738"},"modified":"2022-12-12T14:57:08","modified_gmt":"2022-12-12T17:57:08","slug":"federico-mateos-el-club-necesita-pelear-mas-arriba-y-hare-todo-para-eso","status":"publish","type":"post","link":"https:\/\/www.rincondelbulla.cl\/portal\/2022\/12\/12\/federico-mateos-el-club-necesita-pelear-mas-arriba-y-hare-todo-para-eso\/","title":{"rendered":"Federico Mateos: \u00abEl club necesita pelear m\u00e1s arriba y har\u00e9 todo para eso\u00bb"},"content":{"rendered":"\n<p>La Universidad de Chile se sigue armando y este fin de semana present\u00f3 a su tercer refuerzo. Se trata de Federico Mateos, volante que llega proveniente de \u00d1ublense.<\/p>\n<p>El argentino de 29 a\u00f1os llega luego de un buen a\u00f1o en el equipo sure\u00f1o y con la ilusi\u00f3n de levantar su nivel de la mano de un club grande donde urge volver a los puestos de avanzada.<\/p>\n<p>\u00abFue un a\u00f1o inolvidable para mi por lo vivido, s\u00e9 que puedo seguir creciendo y esto es lo que busco en un club como este. Ganarme el respeto de mis comp\u00f1aeros y de la gente dentro de la cancha, sumar desde donde me toque y pelear todo lo que se tenga que pelear, el club necesita pelear lo m\u00e1 arriba posible y har\u00e1 todo para eso\u00bb, apunt\u00f3 en su llegada.<\/p>\n<p>Mateos tambi\u00e9n alab\u00f3 a Mauricio Pellegrino, con quien vivi\u00f3 hoy su primera pr\u00e1ctica futbol\u00edstica. \u00abCuando tienes un t\u00e9cnico con ese historial te motiva a poder jugar, demostrarle que puesdes estar al nivel que \u00e9l quiere y eso va a sumar al objetivo final\u00bb, agrega.<\/p>\n<p>Finalmente, El volante apunta a que \u00abel equipo tiene buenos valores, jugadores de jerarqu\u00eda, chicos que est\u00e1n creciendo much\u00edsimo, quiz\u00e1s est\u00e1n viviendo un mal momento de hace un par de a\u00f1os, pero hay que devolerle a la U lo que est\u00e1 acostumbrado a vivir, que es arriba\u00bb.<\/p>\n","protected":false},"excerpt":{"rendered":"<p>La Universidad de Chile se sigue armando y este fin de semana present\u00f3 a su tercer refuerzo. Se trata de Federico Mateos, volante que llega proveniente de \u00d1ublense. El argentino de 29 a\u00f1os llega luego de un buen a\u00f1o en el equipo sure\u00f1o y con la ilusi\u00f3n de levantar su nivel de la mano de [&#8230;]<\/p>\n","protected":false},"author":65,"featured_media":19739,"comment_status":"closed","ping_status":"open","sticky":false,"template":"","format":"standard","meta":{"footnotes":""},"categories":[18],"tags":[1985,294],"class_list":{"0":"post-19738","1":"post","2":"type-post","3":"status-publish","4":"format-standard","5":"has-post-thumbnail","7":"category-actualidad","8":"tag-federico-mateos","9":"tag-u-de-chile"},"_links":{"self":[{"href":"https:\/\/www.rincondelbulla.cl\/portal\/wp-json\/wp\/v2\/posts\/19738","targetHints":{"allow":["GET"]}}],"collection":[{"href":"https:\/\/www.rincondelbulla.cl\/portal\/wp-json\/wp\/v2\/posts"}],"about":[{"href":"https:\/\/www.rincondelbulla.cl\/portal\/wp-json\/wp\/v2\/types\/post"}],"author":[{"embeddable":true,"href":"https:\/\/www.rincondelbulla.cl\/portal\/wp-json\/wp\/v2\/users\/65"}],"replies":[{"embeddable":true,"href":"https:\/\/www.rincondelbulla.cl\/portal\/wp-json\/wp\/v2\/comments?post=19738"}],"version-history":[{"count":1,"href":"https:\/\/www.rincondelbulla.cl\/portal\/wp-json\/wp\/v2\/posts\/19738\/revisions"}],"predecessor-version":[{"id":19740,"href":"https:\/\/www.rincondelbulla.cl\/portal\/wp-json\/wp\/v2\/posts\/19738\/revisions\/19740"}],"wp:featuredmedia":[{"embeddable":true,"href":"https:\/\/www.rincondelbulla.cl\/portal\/wp-json\/wp\/v2\/media\/19739"}],"wp:attachment":[{"href":"https:\/\/www.rincondelbulla.cl\/portal\/wp-json\/wp\/v2\/media?parent=19738"}],"wp:term":[{"taxonomy":"category","embeddable":true,"href":"https:\/\/www.rincondelbulla.cl\/portal\/wp-json\/wp\/v2\/categories?post=19738"},{"taxonomy":"post_tag","embeddable":true,"href":"https:\/\/www.rincondelbulla.cl\/portal\/wp-json\/wp\/v2\/tags?post=19738"}],"curies":[{"name":"wp","href":"https:\/\/api.w.org\/{rel}","templated":true}]}}