{"id":19743,"date":"2022-12-12T17:29:42","date_gmt":"2022-12-12T20:29:42","guid":{"rendered":"http:\/\/www.rincondelbulla.cl\/portal\/?p=19743"},"modified":"2022-12-12T17:29:43","modified_gmt":"2022-12-12T20:29:43","slug":"comienzan-los-trabajos-de-pretemporada-para-la-u-2023","status":"publish","type":"post","link":"https:\/\/www.rincondelbulla.cl\/portal\/2022\/12\/12\/comienzan-los-trabajos-de-pretemporada-para-la-u-2023\/","title":{"rendered":"Comienzan los trabajos de pretemporada para la \u00abU\u00bb 2023"},"content":{"rendered":"\n<p>Luego de que el pasado viernes y s\u00e1bado se hicieran mediciones f\u00edsicas y m\u00e9dicas, en esta jornada comenzaron lso trabajos de pretemporada al mando de Mauricio Pellegrino y su cuerpo t\u00e9cnico.<\/p>\n<p>La jornada comenz\u00f3 con trabajos en el gimnasio del Centro Deportivo Azul, para luego entrar al c\u00e9sped de La Cisterna, donde se comienza a plasmar la idea del nuevo entrenador.<\/p>\n<p>Trote, velocidad, trabajos de pases y f\u00fatbol reducido son algunas de las acciones que se puede ver en el video publicado por el club en esta jornada.<\/p>\n<p>Fue tambi\u00e9n la primera ocasi\u00f3n para ver a Leandro Fern\u00e1ndez, Juan Pablo G\u00f3mez y Federico Mateos entrenando en el CDA, y adapt\u00e1ndose a su nuevo club.<\/p>\n<p>En tanto tambi\u00e9n se puede observar en las im\u00e1genes a jugadores que retornan de sus pr\u00e9stamos y quienes conformaron el plantel 2022, salvo Felipe Seymour.<\/p>\n<p><div class=\"youtube-embed\" data-video_id=\"Oi5KMu4Ip6s\"><iframe loading=\"lazy\" title=\"Pretemporada 2023: Primer d\u00eda de trabajos en el Centro Deportivo Azul\" width=\"696\" height=\"392\" src=\"https:\/\/www.youtube.com\/embed\/Oi5KMu4Ip6s?feature=oembed&#038;enablejsapi=1\" frameborder=\"0\" allow=\"accelerometer; autoplay; clipboard-write; encrypted-media; gyroscope; picture-in-picture\" allowfullscreen><\/iframe><\/div><\/p>\n","protected":false},"excerpt":{"rendered":"<p>Luego de que el pasado viernes y s\u00e1bado se hicieran mediciones f\u00edsicas y m\u00e9dicas, en esta jornada comenzaron lso trabajos de pretemporada al mando de Mauricio Pellegrino y su cuerpo t\u00e9cnico. La jornada comenz\u00f3 con trabajos en el gimnasio del Centro Deportivo Azul, para luego entrar al c\u00e9sped de La Cisterna, donde se comienza a [&#8230;]<\/p>\n","protected":false},"author":65,"featured_media":19744,"comment_status":"closed","ping_status":"open","sticky":false,"template":"","format":"standard","meta":{"footnotes":""},"categories":[18],"tags":[404,294],"class_list":{"0":"post-19743","1":"post","2":"type-post","3":"status-publish","4":"format-standard","5":"has-post-thumbnail","7":"category-actualidad","8":"tag-pretemporada","9":"tag-u-de-chile"},"_links":{"self":[{"href":"https:\/\/www.rincondelbulla.cl\/portal\/wp-json\/wp\/v2\/posts\/19743","targetHints":{"allow":["GET"]}}],"collection":[{"href":"https:\/\/www.rincondelbulla.cl\/portal\/wp-json\/wp\/v2\/posts"}],"about":[{"href":"https:\/\/www.rincondelbulla.cl\/portal\/wp-json\/wp\/v2\/types\/post"}],"author":[{"embeddable":true,"href":"https:\/\/www.rincondelbulla.cl\/portal\/wp-json\/wp\/v2\/users\/65"}],"replies":[{"embeddable":true,"href":"https:\/\/www.rincondelbulla.cl\/portal\/wp-json\/wp\/v2\/comments?post=19743"}],"version-history":[{"count":1,"href":"https:\/\/www.rincondelbulla.cl\/portal\/wp-json\/wp\/v2\/posts\/19743\/revisions"}],"predecessor-version":[{"id":19745,"href":"https:\/\/www.rincondelbulla.cl\/portal\/wp-json\/wp\/v2\/posts\/19743\/revisions\/19745"}],"wp:featuredmedia":[{"embeddable":true,"href":"https:\/\/www.rincondelbulla.cl\/portal\/wp-json\/wp\/v2\/media\/19744"}],"wp:attachment":[{"href":"https:\/\/www.rincondelbulla.cl\/portal\/wp-json\/wp\/v2\/media?parent=19743"}],"wp:term":[{"taxonomy":"category","embeddable":true,"href":"https:\/\/www.rincondelbulla.cl\/portal\/wp-json\/wp\/v2\/categories?post=19743"},{"taxonomy":"post_tag","embeddable":true,"href":"https:\/\/www.rincondelbulla.cl\/portal\/wp-json\/wp\/v2\/tags?post=19743"}],"curies":[{"name":"wp","href":"https:\/\/api.w.org\/{rel}","templated":true}]}}