{"id":19747,"date":"2022-12-12T18:38:00","date_gmt":"2022-12-12T21:38:00","guid":{"rendered":"http:\/\/www.rincondelbulla.cl\/portal\/?p=19747"},"modified":"2022-12-12T19:41:03","modified_gmt":"2022-12-12T22:41:03","slug":"aseguran-que-cristopher-toselli-es-opcion-para-disputar-el-arco-azul","status":"publish","type":"post","link":"https:\/\/www.rincondelbulla.cl\/portal\/2022\/12\/12\/aseguran-que-cristopher-toselli-es-opcion-para-disputar-el-arco-azul\/","title":{"rendered":"Aseguran que Cristopher Toselli es opci\u00f3n para disputar el arco azul"},"content":{"rendered":"\n<p>En la \u00abU\u00bb sigue la b\u00fasqueda de nombres para reforzar el plantel 2023 que ya comenz\u00f3 los entrenamientos de la mano del t\u00e9cnico Manuel Pellegrino.<\/p>\n<p>Uno de los puestos en que los azules esperan poder sumar un nombre es el de arquero. Con la salida de Mart\u00edn Parra del club, queda Crist\u00f3bal Campos quien es el portero indiscutido y Pedro Garrido quien lucha por una opci\u00f3n.<\/p>\n<p>Nombres que sonaron para esta posici\u00f3n fueron los Fabi\u00e1n Cerda, quien renov\u00f3 su v\u00ednculo con Curic\u00f3 Unido, y el de Sebasti\u00e1n \u00abZanahoria\u00bb P\u00e9rez, quien partir\u00eda a la Uni\u00f3n Espa\u00f1ola.<\/p>\n<p>Seg\u00fan informaci\u00f3n de Bolavip, en el Centro Deportivo Azul fijaron sus ojos al otro lado de la coordillera, pero no precisamente por un portero argentino, sino que por uno nacional que acaba de quedar libre.<\/p>\n<p>Se trata de Cristopher Toselli, quien recientemente finaliz\u00f3 su pr\u00e9stamo con Central C\u00f3rdoba y tambi\u00e9n su contrato con la Universidad Cat\u00f3lica, por lo que cumple con el perfil de ser agente libre y que le permite a Azul Azul no tener que negociar con otro club.<\/p>\n<p>Toselli es formado en el cuadro de la franja y en su carrera ha defendido el arco de Everton y Palestino a nivel local, mientras que en el extranjero suma pasos por el Atlas de M\u00e9xico y Central C\u00f3rdoba.<\/p>\n","protected":false},"excerpt":{"rendered":"<p>En la \u00abU\u00bb sigue la b\u00fasqueda de nombres para reforzar el plantel 2023 que ya comenz\u00f3 los entrenamientos de la mano del t\u00e9cnico Manuel Pellegrino. Uno de los puestos en que los azules esperan poder sumar un nombre es el de arquero. Con la salida de Mart\u00edn Parra del club, queda Crist\u00f3bal Campos quien es [&#8230;]<\/p>\n","protected":false},"author":65,"featured_media":19748,"comment_status":"closed","ping_status":"open","sticky":false,"template":"","format":"standard","meta":{"footnotes":""},"categories":[18],"tags":[1991,294],"class_list":{"0":"post-19747","1":"post","2":"type-post","3":"status-publish","4":"format-standard","5":"has-post-thumbnail","7":"category-actualidad","8":"tag-cristopher-toselli","9":"tag-u-de-chile"},"_links":{"self":[{"href":"https:\/\/www.rincondelbulla.cl\/portal\/wp-json\/wp\/v2\/posts\/19747","targetHints":{"allow":["GET"]}}],"collection":[{"href":"https:\/\/www.rincondelbulla.cl\/portal\/wp-json\/wp\/v2\/posts"}],"about":[{"href":"https:\/\/www.rincondelbulla.cl\/portal\/wp-json\/wp\/v2\/types\/post"}],"author":[{"embeddable":true,"href":"https:\/\/www.rincondelbulla.cl\/portal\/wp-json\/wp\/v2\/users\/65"}],"replies":[{"embeddable":true,"href":"https:\/\/www.rincondelbulla.cl\/portal\/wp-json\/wp\/v2\/comments?post=19747"}],"version-history":[{"count":1,"href":"https:\/\/www.rincondelbulla.cl\/portal\/wp-json\/wp\/v2\/posts\/19747\/revisions"}],"predecessor-version":[{"id":19749,"href":"https:\/\/www.rincondelbulla.cl\/portal\/wp-json\/wp\/v2\/posts\/19747\/revisions\/19749"}],"wp:featuredmedia":[{"embeddable":true,"href":"https:\/\/www.rincondelbulla.cl\/portal\/wp-json\/wp\/v2\/media\/19748"}],"wp:attachment":[{"href":"https:\/\/www.rincondelbulla.cl\/portal\/wp-json\/wp\/v2\/media?parent=19747"}],"wp:term":[{"taxonomy":"category","embeddable":true,"href":"https:\/\/www.rincondelbulla.cl\/portal\/wp-json\/wp\/v2\/categories?post=19747"},{"taxonomy":"post_tag","embeddable":true,"href":"https:\/\/www.rincondelbulla.cl\/portal\/wp-json\/wp\/v2\/tags?post=19747"}],"curies":[{"name":"wp","href":"https:\/\/api.w.org\/{rel}","templated":true}]}}