{"id":19844,"date":"2023-01-18T16:29:50","date_gmt":"2023-01-18T19:29:50","guid":{"rendered":"http:\/\/www.rincondelbulla.cl\/portal\/?p=19844"},"modified":"2023-01-18T16:29:51","modified_gmt":"2023-01-18T19:29:51","slug":"la-10-es-azul-nicole-fajre-vuelve-a-la-u","status":"publish","type":"post","link":"https:\/\/www.rincondelbulla.cl\/portal\/2023\/01\/18\/la-10-es-azul-nicole-fajre-vuelve-a-la-u\/","title":{"rendered":"\u00a1La \u201c10\u201d es azul! Nicole Fajre vuelve a la \u00abU\u00bb"},"content":{"rendered":"\n\n\n<p>Las Leonas se siguen reforzando para lo que ser\u00e1 la temporada 2023, en la que buscar\u00e1n su tercera estrella y lograr la clasificaci\u00f3n a Copa Libertadores. <br \/><br \/>As\u00ed como adelantamos el acuerdo con Franchesca Canigu\u00e1n y Gabriela B\u00f3rquez, hoy Rinc\u00f3n del Bulla puede se\u00f1alar que la \u201c10\u201d ya tiene nueva due\u00f1a. Esto, porque la \u00abU\u00bb logr\u00f3 concretar el deseo del cuerpo t\u00e9cnico, dirigentes e hinchas: Nicole Fajre regresa a su casa. <br \/><br \/>La ex capitana de la U vuelve al CDA, lugar en el que fue fundamental para la primera estrella del equipo femenino y en el que tambi\u00e9n se desempe\u00f1\u00f3 como DT de las divisiones inferiores. <br \/><br \/>La mediocampista firmar\u00e1 por el conjunto laico despu\u00e9s de destacadas temporadas en Santiago Morning que le permitieron ser nominada en ambas ediciones de los premios F\u00fatfem. <br \/><br \/>La \u201c10\u201d vuelve a su due\u00f1a \u00a1Bienvenida a tu casa, Nico!<!--\/data\/user\/0\/com.samsung.android.app.notes\/files\/clipdata\/clipdata_bodytext_230118_153630_075.sdocx--><\/p>\n","protected":false},"excerpt":{"rendered":"<p>Las Leonas se siguen reforzando para lo que ser\u00e1 la temporada 2023, en la que buscar\u00e1n su tercera estrella y lograr la clasificaci\u00f3n a Copa Libertadores. As\u00ed como adelantamos el acuerdo con Franchesca Canigu\u00e1n y Gabriela B\u00f3rquez, hoy Rinc\u00f3n del Bulla puede se\u00f1alar que la \u201c10\u201d ya tiene nueva due\u00f1a. Esto, porque la \u00abU\u00bb logr\u00f3 [&#8230;]<\/p>\n","protected":false},"author":65,"featured_media":0,"comment_status":"closed","ping_status":"open","sticky":false,"template":"","format":"standard","meta":{"footnotes":""},"categories":[1],"tags":[],"class_list":{"0":"post-19844","1":"post","2":"type-post","3":"status-publish","4":"format-standard","6":"category-sin-categoria"},"_links":{"self":[{"href":"https:\/\/www.rincondelbulla.cl\/portal\/wp-json\/wp\/v2\/posts\/19844","targetHints":{"allow":["GET"]}}],"collection":[{"href":"https:\/\/www.rincondelbulla.cl\/portal\/wp-json\/wp\/v2\/posts"}],"about":[{"href":"https:\/\/www.rincondelbulla.cl\/portal\/wp-json\/wp\/v2\/types\/post"}],"author":[{"embeddable":true,"href":"https:\/\/www.rincondelbulla.cl\/portal\/wp-json\/wp\/v2\/users\/65"}],"replies":[{"embeddable":true,"href":"https:\/\/www.rincondelbulla.cl\/portal\/wp-json\/wp\/v2\/comments?post=19844"}],"version-history":[{"count":1,"href":"https:\/\/www.rincondelbulla.cl\/portal\/wp-json\/wp\/v2\/posts\/19844\/revisions"}],"predecessor-version":[{"id":19846,"href":"https:\/\/www.rincondelbulla.cl\/portal\/wp-json\/wp\/v2\/posts\/19844\/revisions\/19846"}],"wp:attachment":[{"href":"https:\/\/www.rincondelbulla.cl\/portal\/wp-json\/wp\/v2\/media?parent=19844"}],"wp:term":[{"taxonomy":"category","embeddable":true,"href":"https:\/\/www.rincondelbulla.cl\/portal\/wp-json\/wp\/v2\/categories?post=19844"},{"taxonomy":"post_tag","embeddable":true,"href":"https:\/\/www.rincondelbulla.cl\/portal\/wp-json\/wp\/v2\/tags?post=19844"}],"curies":[{"name":"wp","href":"https:\/\/api.w.org\/{rel}","templated":true}]}}