{"id":19861,"date":"2023-01-23T17:07:44","date_gmt":"2023-01-23T20:07:44","guid":{"rendered":"http:\/\/www.rincondelbulla.cl\/portal\/?p=19861"},"modified":"2023-01-23T17:08:17","modified_gmt":"2023-01-23T20:08:17","slug":"fin-de-una-era-carlos-veliz-deja-la-banca-de-universidad-de-chile-femenino","status":"publish","type":"post","link":"https:\/\/www.rincondelbulla.cl\/portal\/2023\/01\/23\/fin-de-una-era-carlos-veliz-deja-la-banca-de-universidad-de-chile-femenino\/","title":{"rendered":"Fin de una era: Carlos V\u00e9liz deja la banca de Universidad de Chile femenino"},"content":{"rendered":"\n<p>Universidad de Chile confirm\u00f3 que Carlos V\u00e9liz no continuar\u00e1 en la banca del primer equipo femenino durante la temporada 2023. <br \/><br \/>Una noticia que pill\u00f3 por sorpresa al mundo azul, luego de las exitosas campa\u00f1as del entrenador desde su arribo en enero del 2020, en las que logr\u00f3 un campeonato nacional en 2021, dos subcampeonatos y las tres \u00fanicas participaciones del Rom\u00e1ntico Viajero en Copa Libertadores, siendo el cuatro mejor equipo del continente en la edici\u00f3n 2020. <br \/><br \/>En su estad\u00eda en las oficinas del CDA, el adiestrador no solo realiz\u00f3 labores en el primer equipo, sino que tambi\u00e9n lider\u00f3 el desarrollo del f\u00fatbol formativo femenino con las categor\u00edas Sub-13, Sub-16 y Sub-19. <br \/><br \/>El entrenador de 36 a\u00f1os dirigi\u00f3 67 compromisos oficiales con la U roja en el pecho, registrando 52 triunfos, cinco empates y diez derrotas (80% de rendimiento), donde su equipo anot\u00f3 267 goles y recibi\u00f3 solo 46 conversiones. <\/p>\n<p>Desde La Cisterna agradecieron el trabajo desarrollado por V\u00e9liz durante los tres a\u00f1os que estuvo en el cuadro laico y le dese\u00f3 el mayor de los \u00e9xitos en sus futuros proyectos deportivos. <br \/><br \/>En el comunicado, la U afirm\u00f3 que en los pr\u00f3ximos d\u00edas \u201cnuestro club informar\u00e1 oportunamente el nombre de qui\u00e9n dirigir\u00e1 a las Leonas en 2023, apuntando siempre a mantener y mejorar nuestro liderazgo en el desarrollo del f\u00fatbol femenino a nivel a nacional\u201d.<br \/><!--\/data\/user\/0\/com.samsung.android.app.notes\/files\/clipdata\/clipdata_bodytext_230123_170836_106.sdocx--><\/p>\n","protected":false},"excerpt":{"rendered":"<p>Universidad de Chile confirm\u00f3 que Carlos V\u00e9liz no continuar\u00e1 en la banca del primer equipo femenino durante la temporada 2023. Una noticia que pill\u00f3 por sorpresa al mundo azul, luego de las exitosas campa\u00f1as del entrenador desde su arribo en enero del 2020, en las que logr\u00f3 un campeonato nacional en 2021, dos subcampeonatos y [&#8230;]<\/p>\n","protected":false},"author":21409,"featured_media":19862,"comment_status":"closed","ping_status":"open","sticky":false,"template":"","format":"standard","meta":{"footnotes":""},"categories":[18],"tags":[1749],"class_list":{"0":"post-19861","1":"post","2":"type-post","3":"status-publish","4":"format-standard","5":"has-post-thumbnail","7":"category-actualidad","8":"tag-carlos-veliz-2"},"_links":{"self":[{"href":"https:\/\/www.rincondelbulla.cl\/portal\/wp-json\/wp\/v2\/posts\/19861","targetHints":{"allow":["GET"]}}],"collection":[{"href":"https:\/\/www.rincondelbulla.cl\/portal\/wp-json\/wp\/v2\/posts"}],"about":[{"href":"https:\/\/www.rincondelbulla.cl\/portal\/wp-json\/wp\/v2\/types\/post"}],"author":[{"embeddable":true,"href":"https:\/\/www.rincondelbulla.cl\/portal\/wp-json\/wp\/v2\/users\/21409"}],"replies":[{"embeddable":true,"href":"https:\/\/www.rincondelbulla.cl\/portal\/wp-json\/wp\/v2\/comments?post=19861"}],"version-history":[{"count":1,"href":"https:\/\/www.rincondelbulla.cl\/portal\/wp-json\/wp\/v2\/posts\/19861\/revisions"}],"predecessor-version":[{"id":19863,"href":"https:\/\/www.rincondelbulla.cl\/portal\/wp-json\/wp\/v2\/posts\/19861\/revisions\/19863"}],"wp:featuredmedia":[{"embeddable":true,"href":"https:\/\/www.rincondelbulla.cl\/portal\/wp-json\/wp\/v2\/media\/19862"}],"wp:attachment":[{"href":"https:\/\/www.rincondelbulla.cl\/portal\/wp-json\/wp\/v2\/media?parent=19861"}],"wp:term":[{"taxonomy":"category","embeddable":true,"href":"https:\/\/www.rincondelbulla.cl\/portal\/wp-json\/wp\/v2\/categories?post=19861"},{"taxonomy":"post_tag","embeddable":true,"href":"https:\/\/www.rincondelbulla.cl\/portal\/wp-json\/wp\/v2\/tags?post=19861"}],"curies":[{"name":"wp","href":"https:\/\/api.w.org\/{rel}","templated":true}]}}