{"id":19868,"date":"2023-01-26T13:53:08","date_gmt":"2023-01-26T16:53:08","guid":{"rendered":"http:\/\/www.rincondelbulla.cl\/portal\/?p=19868"},"modified":"2023-01-26T13:53:09","modified_gmt":"2023-01-26T16:53:09","slug":"mateos-vamos-a-hacer-todo-para-darle-una-alegria-a-la-gente","status":"publish","type":"post","link":"https:\/\/www.rincondelbulla.cl\/portal\/2023\/01\/26\/mateos-vamos-a-hacer-todo-para-darle-una-alegria-a-la-gente\/","title":{"rendered":"Mateos: \u00abVamos a hacer todo para darle una alegr\u00eda a la gente\u00bb"},"content":{"rendered":"\n<p>Universidad de Chile ya prepara su duelo frente a Uni\u00f3n Espa\u00f1ola por la segunda fecha del Campeonato Nacional.<\/p>\n\n\n\n<p>Hoy, en conferencia de prensa, Federico Mateos abord\u00f3 lo que ser\u00e1 el duelo frente a los hispanos y la autocr\u00edtica con respecto al debut en el campeonato.<\/p>\n\n\n\n<p>En primer lugar, Mateos enfatiz\u00f3 que en el partido frente a Huachipato \u00abjugamos mucho al pelotazo, quiz\u00e1s no era lo que ven\u00edamos entrenando con el cuerpo t\u00e9cnico\u00bb. \u00abEl balance es que hay que mejorar mucho en lo colectivo\u00bb manifest\u00f3 el ex \u00d1ublense.<\/p>\n\n\n\n<p>Sobre el partido del s\u00e1bado, el volante azul dijo que Uni\u00f3n tiene buenos jugadores y un cuerpo t\u00e9cnico que le gusta jugar con la pelota dominada. \u00abVamos a hacer todo para darle una alegr\u00eda a la gente y sumar confianza dentro de la cancha\u00bb expres\u00f3 Mateos.<\/p>\n\n\n\n<p>Sobre las conclusiones del primer partido, Mateos afirm\u00f3 que \u00abes clave captar la idea del profe y plasmarla dentro de la cancha. (\u2026) Con el venir de los partidos nos vamos a ir adaptando y demostar lo que venimos trabajando\u00bb.<\/p>\n\n\n\n<p>Para finalizar, Mateos concluy\u00f3 que la autocr\u00edtica del partido anterior est\u00e1 hecha y que queda mucho por corregir. Sin embargo, recalc\u00f3 que \u00abviendo el plantel que tenemos, creo que estamos capacitados para poder pelear lo m\u00e1s alto posible\u00bb.<\/p>\n","protected":false},"excerpt":{"rendered":"<p>Universidad de Chile ya prepara su duelo frente a Uni\u00f3n Espa\u00f1ola por la segunda fecha del Campeonato Nacional. Hoy, en conferencia de prensa, Federico Mateos abord\u00f3 lo que ser\u00e1 el duelo frente a los hispanos y la autocr\u00edtica con respecto al debut en el campeonato. En primer lugar, Mateos enfatiz\u00f3 que en el partido frente [&#8230;]<\/p>\n","protected":false},"author":21408,"featured_media":19869,"comment_status":"closed","ping_status":"open","sticky":false,"template":"","format":"standard","meta":{"footnotes":""},"categories":[18],"tags":[],"class_list":{"0":"post-19868","1":"post","2":"type-post","3":"status-publish","4":"format-standard","5":"has-post-thumbnail","7":"category-actualidad"},"_links":{"self":[{"href":"https:\/\/www.rincondelbulla.cl\/portal\/wp-json\/wp\/v2\/posts\/19868","targetHints":{"allow":["GET"]}}],"collection":[{"href":"https:\/\/www.rincondelbulla.cl\/portal\/wp-json\/wp\/v2\/posts"}],"about":[{"href":"https:\/\/www.rincondelbulla.cl\/portal\/wp-json\/wp\/v2\/types\/post"}],"author":[{"embeddable":true,"href":"https:\/\/www.rincondelbulla.cl\/portal\/wp-json\/wp\/v2\/users\/21408"}],"replies":[{"embeddable":true,"href":"https:\/\/www.rincondelbulla.cl\/portal\/wp-json\/wp\/v2\/comments?post=19868"}],"version-history":[{"count":1,"href":"https:\/\/www.rincondelbulla.cl\/portal\/wp-json\/wp\/v2\/posts\/19868\/revisions"}],"predecessor-version":[{"id":19870,"href":"https:\/\/www.rincondelbulla.cl\/portal\/wp-json\/wp\/v2\/posts\/19868\/revisions\/19870"}],"wp:featuredmedia":[{"embeddable":true,"href":"https:\/\/www.rincondelbulla.cl\/portal\/wp-json\/wp\/v2\/media\/19869"}],"wp:attachment":[{"href":"https:\/\/www.rincondelbulla.cl\/portal\/wp-json\/wp\/v2\/media?parent=19868"}],"wp:term":[{"taxonomy":"category","embeddable":true,"href":"https:\/\/www.rincondelbulla.cl\/portal\/wp-json\/wp\/v2\/categories?post=19868"},{"taxonomy":"post_tag","embeddable":true,"href":"https:\/\/www.rincondelbulla.cl\/portal\/wp-json\/wp\/v2\/tags?post=19868"}],"curies":[{"name":"wp","href":"https:\/\/api.w.org\/{rel}","templated":true}]}}