{"id":19871,"date":"2023-01-26T20:33:22","date_gmt":"2023-01-26T23:33:22","guid":{"rendered":"http:\/\/www.rincondelbulla.cl\/portal\/?p=19871"},"modified":"2023-01-26T21:02:06","modified_gmt":"2023-01-27T00:02:06","slug":"hector-humeres-el-nuevo-integrante-del-directorio-de-azul-azul","status":"publish","type":"post","link":"https:\/\/www.rincondelbulla.cl\/portal\/2023\/01\/26\/hector-humeres-el-nuevo-integrante-del-directorio-de-azul-azul\/","title":{"rendered":"H\u00e9ctor Humeres: el nuevo integrante del directorio de Azul Azul"},"content":{"rendered":"\n<p>Esta tarde se ha dado a conocer que el abogado y profesor de la Universidad de Chile H\u00e9ctor Humeres, ha sido designado por unanimidad como el nuevo representante de la Casa de Bello en el directorio de Azul Azul. H\u00e9ctor ocupar\u00e1 el lugar dejado por Carolina Coppo y estar\u00e1 por 3 a\u00f1os en el cargo, con la posibilidad de ser reelecto. <br \/><br \/>Al momento de su designaci\u00f3n la Rectora de la Casa de Bello Rosa Dev\u00e9s se\u00f1al\u00f3 que\u00a0 \u00abSabemos que representar\u00e1 con claridad los valores de nuestra Universidad en la administraci\u00f3n de Azul Azul\u00bb.<\/p>\n<p>Adem\u00e1s, agreg\u00f3 que \u201ctenemos la responsabilidad de cuidar nuestros principios universitarios y, por eso, seremos vigilantes rigurosos del cumplimiento del convenio de autorizaci\u00f3n de uso de nuestros s\u00edmbolos distintivos y de la concesi\u00f3n que detenta Azul Azul, ya que estamos plenamente conscientes de la importancia de la \u201cU\u201d para millones de hinchas y su impacto social en el pa\u00eds. El Profesor Humeres conoce muy bien lo que significa la Universidad de Chile y sabr\u00e1 defenderla en el directorio\u201d. <br \/><br \/>H\u00e9ctor Humeres tambi\u00e9n declar\u00f3 para el portal de la Universidad y\u00a0 se\u00f1al\u00f3 que \u201cconstituye un honor para m\u00ed que la Rectora de la Universidad de Chile me haya designado como director de Azul Azul, en representaci\u00f3n de la Casa de Estudios a la que debo mi formaci\u00f3n profesional y acad\u00e9mica. Procurar\u00e9 servir esta funci\u00f3n con el mayor empe\u00f1o y dedicaci\u00f3n. Espero colaborar para que Azul Azul logre que el equipo de f\u00fatbol profesional est\u00e9 en el sitial que corresponde a su honrosa tradici\u00f3n y trayectoria, y responda a los anhelos de su fiel y multitudinaria hinchada\u201d. <br \/><br \/>\u00bfQui\u00e9n es Hector Humeres? <br \/><br \/>Abogado de la Universidad de Chile desde 1971 y con mag\u00edster en Derecho Laboral en la misma casa de estudios. Adem\u00e1s, Hector Humeres es profesor titular de la Facultad de Derecho en el departamento de Derecho del Trabajo y Seguridad social, y fue su director entre 2010 y 2014. <br \/><br \/>Es miembro del Colegio de Abogados y en \u00e9l ha destacado como consejero (2013-2021), vicepresidente (2019-2020) y presidente (2020-2021). Desde 2021, es abogado integrante de la Corte Suprema de Justicia y antes fue Abogado Integrante de la Corte de Apelaciones de Santiago. Ejerce como Abogado Socio del Estudio Jur\u00eddico Arthur, Humeres, Mej\u00eda, Toloza y C\u00eda., y se desempe\u00f1a como \u00c1rbitro y Mediador de la C\u00e1mara de Comercio de Santiago. <br \/><br \/>Sus alumnos, adem\u00e1s de considerarlo como una eminencia jur\u00eddica en materia laboral, destacan su tolerancia y pluralismo. Adem\u00e1s, se\u00f1alan que es una persona con experiencia en lograr una conciliaci\u00f3n o acercamiento entre las partes en conflicto y no suele abandonar su elegancia y formalidad.<!--\/data\/user\/0\/com.samsung.android.app.notes\/files\/clipdata\/clipdata_bodytext_230126_203301_412.sdocx--><\/p>\n","protected":false},"excerpt":{"rendered":"<p>Esta tarde se ha dado a conocer que el abogado y profesor de la Universidad de Chile H\u00e9ctor Humeres, ha sido designado por unanimidad como el nuevo representante de la Casa de Bello en el directorio de Azul Azul. H\u00e9ctor ocupar\u00e1 el lugar dejado por Carolina Coppo y estar\u00e1 por 3 a\u00f1os en el cargo, [&#8230;]<\/p>\n","protected":false},"author":65,"featured_media":19872,"comment_status":"closed","ping_status":"open","sticky":false,"template":"","format":"standard","meta":{"footnotes":""},"categories":[18],"tags":[174,1994],"class_list":{"0":"post-19871","1":"post","2":"type-post","3":"status-publish","4":"format-standard","5":"has-post-thumbnail","7":"category-actualidad","8":"tag-azul-azul","9":"tag-hector-humeres"},"_links":{"self":[{"href":"https:\/\/www.rincondelbulla.cl\/portal\/wp-json\/wp\/v2\/posts\/19871","targetHints":{"allow":["GET"]}}],"collection":[{"href":"https:\/\/www.rincondelbulla.cl\/portal\/wp-json\/wp\/v2\/posts"}],"about":[{"href":"https:\/\/www.rincondelbulla.cl\/portal\/wp-json\/wp\/v2\/types\/post"}],"author":[{"embeddable":true,"href":"https:\/\/www.rincondelbulla.cl\/portal\/wp-json\/wp\/v2\/users\/65"}],"replies":[{"embeddable":true,"href":"https:\/\/www.rincondelbulla.cl\/portal\/wp-json\/wp\/v2\/comments?post=19871"}],"version-history":[{"count":2,"href":"https:\/\/www.rincondelbulla.cl\/portal\/wp-json\/wp\/v2\/posts\/19871\/revisions"}],"predecessor-version":[{"id":19875,"href":"https:\/\/www.rincondelbulla.cl\/portal\/wp-json\/wp\/v2\/posts\/19871\/revisions\/19875"}],"wp:featuredmedia":[{"embeddable":true,"href":"https:\/\/www.rincondelbulla.cl\/portal\/wp-json\/wp\/v2\/media\/19872"}],"wp:attachment":[{"href":"https:\/\/www.rincondelbulla.cl\/portal\/wp-json\/wp\/v2\/media?parent=19871"}],"wp:term":[{"taxonomy":"category","embeddable":true,"href":"https:\/\/www.rincondelbulla.cl\/portal\/wp-json\/wp\/v2\/categories?post=19871"},{"taxonomy":"post_tag","embeddable":true,"href":"https:\/\/www.rincondelbulla.cl\/portal\/wp-json\/wp\/v2\/tags?post=19871"}],"curies":[{"name":"wp","href":"https:\/\/api.w.org\/{rel}","templated":true}]}}