{"id":19876,"date":"2023-01-27T15:16:42","date_gmt":"2023-01-27T18:16:42","guid":{"rendered":"http:\/\/www.rincondelbulla.cl\/portal\/?p=19876"},"modified":"2023-01-27T15:16:43","modified_gmt":"2023-01-27T18:16:43","slug":"pellegrino-nuestro-objetivo-es-hacer-un-mejor-partido","status":"publish","type":"post","link":"https:\/\/www.rincondelbulla.cl\/portal\/2023\/01\/27\/pellegrino-nuestro-objetivo-es-hacer-un-mejor-partido\/","title":{"rendered":"Pellegrino: \u201cNuestro objetivo es hacer un mejor partido\u201d"},"content":{"rendered":"\n<p>Hoy, en conferencia de prensa, Mauricio Pellegrino abord\u00f3 lo que ser\u00e1 el partido frente a Uni\u00f3n Espa\u00f1ola por la segunda fecha del Campeonato Nacional, la llegada de refuerzos y las conclusiones sobre el partido anterior.<\/p>\n\n\n\n<p>Pellegrino enfatiz\u00f3 que \u201ctodos tenemos un mont\u00f3n de cosas para mejorar y eso se va a notar en el campo\u201d. \u201cNuestro objetivo es hacer un mejor partido que el que hicimos el otro d\u00eda\u201d a\u00f1adi\u00f3 el DT azul.<\/p>\n\n\n\n<p>Respecto al partido del s\u00e1bado frente a los hispanos, Pellegrino destac\u00f3 que \u201ctienen un estilo de juego bien definido, que intentan jugar, tienen presencia f\u00edsica y mucha velocidad por las bandas. El equipo que se pueda reorganizar r\u00e1pido va a tener m\u00e1s posibilidades\u201d.<\/p>\n\n\n\n<p>Sobre los rumores de una posible llegada de Felipe Guti\u00e9rrez al plantel, el DT argentino manifest\u00f3 que su intenci\u00f3n es tener el mejor equipo posible y que estar\u00e1n atentos hasta el final del libro de pases. \u201cQueremos armar el mejor equipo posible y hay posiciones que seguimos mirando\u201d expres\u00f3 el entrenador.<\/p>\n\n\n\n<p>Finalmente, Pellegrino aclar\u00f3 que \u201cel sistema de juego que elijo va siempre en la capacidad de mis jugadores y lo que pensamos que puede calzar bien. Nunca me he casado con un sistema de juego\u201d.<\/p>\n","protected":false},"excerpt":{"rendered":"<p>Hoy, en conferencia de prensa, Mauricio Pellegrino abord\u00f3 lo que ser\u00e1 el partido frente a Uni\u00f3n Espa\u00f1ola por la segunda fecha del Campeonato Nacional, la llegada de refuerzos y las conclusiones sobre el partido anterior. Pellegrino enfatiz\u00f3 que \u201ctodos tenemos un mont\u00f3n de cosas para mejorar y eso se va a notar en el campo\u201d. [&#8230;]<\/p>\n","protected":false},"author":21408,"featured_media":19742,"comment_status":"closed","ping_status":"open","sticky":false,"template":"","format":"standard","meta":{"footnotes":""},"categories":[18],"tags":[],"class_list":{"0":"post-19876","1":"post","2":"type-post","3":"status-publish","4":"format-standard","5":"has-post-thumbnail","7":"category-actualidad"},"_links":{"self":[{"href":"https:\/\/www.rincondelbulla.cl\/portal\/wp-json\/wp\/v2\/posts\/19876","targetHints":{"allow":["GET"]}}],"collection":[{"href":"https:\/\/www.rincondelbulla.cl\/portal\/wp-json\/wp\/v2\/posts"}],"about":[{"href":"https:\/\/www.rincondelbulla.cl\/portal\/wp-json\/wp\/v2\/types\/post"}],"author":[{"embeddable":true,"href":"https:\/\/www.rincondelbulla.cl\/portal\/wp-json\/wp\/v2\/users\/21408"}],"replies":[{"embeddable":true,"href":"https:\/\/www.rincondelbulla.cl\/portal\/wp-json\/wp\/v2\/comments?post=19876"}],"version-history":[{"count":1,"href":"https:\/\/www.rincondelbulla.cl\/portal\/wp-json\/wp\/v2\/posts\/19876\/revisions"}],"predecessor-version":[{"id":19877,"href":"https:\/\/www.rincondelbulla.cl\/portal\/wp-json\/wp\/v2\/posts\/19876\/revisions\/19877"}],"wp:featuredmedia":[{"embeddable":true,"href":"https:\/\/www.rincondelbulla.cl\/portal\/wp-json\/wp\/v2\/media\/19742"}],"wp:attachment":[{"href":"https:\/\/www.rincondelbulla.cl\/portal\/wp-json\/wp\/v2\/media?parent=19876"}],"wp:term":[{"taxonomy":"category","embeddable":true,"href":"https:\/\/www.rincondelbulla.cl\/portal\/wp-json\/wp\/v2\/categories?post=19876"},{"taxonomy":"post_tag","embeddable":true,"href":"https:\/\/www.rincondelbulla.cl\/portal\/wp-json\/wp\/v2\/tags?post=19876"}],"curies":[{"name":"wp","href":"https:\/\/api.w.org\/{rel}","templated":true}]}}