{"id":19879,"date":"2023-01-31T13:23:59","date_gmt":"2023-01-31T16:23:59","guid":{"rendered":"http:\/\/www.rincondelbulla.cl\/portal\/?p=19879"},"modified":"2023-01-31T13:24:00","modified_gmt":"2023-01-31T16:24:00","slug":"jeisson-vargas-deja-la-u-y-parte-al-futbol-de-qatar","status":"publish","type":"post","link":"https:\/\/www.rincondelbulla.cl\/portal\/2023\/01\/31\/jeisson-vargas-deja-la-u-y-parte-al-futbol-de-qatar\/","title":{"rendered":"Jeisson Vargas deja la \u00abU\u00bb y parte al f\u00fatbol de Qatar"},"content":{"rendered":"\n<p>Un a\u00f1o alcanz\u00f3 a estar Jeisson Vargas en la Universidad de Chile y los resultados est\u00e1n a la vista. El \u00ab10\u00bb de los azules deja el CDA por la puerta trasera.<\/p>\n<p>Luego de sumar pocos minutos en los primeros dos partidos de este 2023, Vargas parte a pr\u00e9stamo por seis meses al Al-Rayyan de Qatar, cuadro que dirige el chileno Nicol\u00e1s Cordova.<\/p>\n<p>Su paso por la \u00abU\u00bb est\u00e1 marcado por n\u00fameros rojos, no alcanzando a tener asistencias ni goles con la camiseta azul. Para peor, su a\u00f1o estuvo manchado por las lesiones que lo marginaron en muchas ocasiones de las n\u00f3minas.<\/p>\n<p>A eso se le suma el descontento del hincha desde el d\u00eda uno debido a su paso por Cat\u00f3lica y sus causas judiciales. Su a\u00f1o no colabor\u00f3 y lo dej\u00f3 relegado a la hora el favoritismo de los fan\u00e1ticos de la \u00abU\u00bb.<\/p>\n<p>\u00a0<\/p>\n","protected":false},"excerpt":{"rendered":"<p>Un a\u00f1o alcanz\u00f3 a estar Jeisson Vargas en la Universidad de Chile y los resultados est\u00e1n a la vista. El \u00ab10\u00bb de los azules deja el CDA por la puerta trasera. Luego de sumar pocos minutos en los primeros dos partidos de este 2023, Vargas parte a pr\u00e9stamo por seis meses al Al-Rayyan de Qatar, [&#8230;]<\/p>\n","protected":false},"author":65,"featured_media":19880,"comment_status":"closed","ping_status":"open","sticky":false,"template":"","format":"standard","meta":{"footnotes":""},"categories":[18],"tags":[1842],"class_list":{"0":"post-19879","1":"post","2":"type-post","3":"status-publish","4":"format-standard","5":"has-post-thumbnail","7":"category-actualidad","8":"tag-jeisson-vargas"},"_links":{"self":[{"href":"https:\/\/www.rincondelbulla.cl\/portal\/wp-json\/wp\/v2\/posts\/19879","targetHints":{"allow":["GET"]}}],"collection":[{"href":"https:\/\/www.rincondelbulla.cl\/portal\/wp-json\/wp\/v2\/posts"}],"about":[{"href":"https:\/\/www.rincondelbulla.cl\/portal\/wp-json\/wp\/v2\/types\/post"}],"author":[{"embeddable":true,"href":"https:\/\/www.rincondelbulla.cl\/portal\/wp-json\/wp\/v2\/users\/65"}],"replies":[{"embeddable":true,"href":"https:\/\/www.rincondelbulla.cl\/portal\/wp-json\/wp\/v2\/comments?post=19879"}],"version-history":[{"count":1,"href":"https:\/\/www.rincondelbulla.cl\/portal\/wp-json\/wp\/v2\/posts\/19879\/revisions"}],"predecessor-version":[{"id":19881,"href":"https:\/\/www.rincondelbulla.cl\/portal\/wp-json\/wp\/v2\/posts\/19879\/revisions\/19881"}],"wp:featuredmedia":[{"embeddable":true,"href":"https:\/\/www.rincondelbulla.cl\/portal\/wp-json\/wp\/v2\/media\/19880"}],"wp:attachment":[{"href":"https:\/\/www.rincondelbulla.cl\/portal\/wp-json\/wp\/v2\/media?parent=19879"}],"wp:term":[{"taxonomy":"category","embeddable":true,"href":"https:\/\/www.rincondelbulla.cl\/portal\/wp-json\/wp\/v2\/categories?post=19879"},{"taxonomy":"post_tag","embeddable":true,"href":"https:\/\/www.rincondelbulla.cl\/portal\/wp-json\/wp\/v2\/tags?post=19879"}],"curies":[{"name":"wp","href":"https:\/\/api.w.org\/{rel}","templated":true}]}}