{"id":19958,"date":"2023-03-01T16:37:29","date_gmt":"2023-03-01T19:37:29","guid":{"rendered":"http:\/\/www.rincondelbulla.cl\/portal\/?p=19958"},"modified":"2023-03-01T16:37:31","modified_gmt":"2023-03-01T19:37:31","slug":"clark-aborda-el-precio-de-las-entradas-ojala-que-se-abonen-todos","status":"publish","type":"post","link":"https:\/\/www.rincondelbulla.cl\/portal\/2023\/03\/01\/clark-aborda-el-precio-de-las-entradas-ojala-que-se-abonen-todos\/","title":{"rendered":"Clark aborda el precio de las entradas: \u00abOjal\u00e1 que se abonen todos\u00bb"},"content":{"rendered":"\n<p>Las protesta del hincha y las palabras de Mauricio Pellegrino pidiendo que ojal\u00e1 el precio de las entradas fuesen m\u00e1s asequibles ha sido un tema de debate en el mundo azul.<\/p>\n<p>Hoy, tras el t\u00e9rmino de la presentaci\u00f3n de la camiseta titular 2023, fue el propio Michael Clark quien debi\u00f3 salir al paso de este tema y dar la postura oficial de la concesionaria.<\/p>\n<p>\u00abComo club empatizamos con los hinchas, entendemos el tremendo esfuerzo que hacen por acompa\u00f1ar al club en todos los partidos y lo agradecemos, es cosa muy importante para el club\u00bb, comenz\u00f3 diciendo el presidente de Azul Azul.<\/p>\n<p>Al momento de entrar en la explicaci\u00f3n del precio, Clark se\u00f1al\u00f3 que \u00abno es porque si, tiene una raz\u00f3n de fondo, el club ha hecho un tremendo esfuerzo para estar donde est\u00e1 hoy, tenemos un cuerpo t\u00e9cnico de lujo, un plantel con el que estoy contento, y esas cosas no son barata, tienen su costo\u00bb.<\/p>\n<p>\u00abAparte se tom\u00f3 la decisi\u00f3n de jugar en Santa Laura, en Santiago, para hacerle la vida m\u00e1s f\u00e1cil a nuestros hinchas dado lo que pas\u00f3 el a\u00f1o pasado y eso tiene un costo important\u00edsimo, y adem\u00e1s hay una deuda hist\u00f3rica y en alg\u00fan minuto hab\u00f1ia que pagarla\u00bb, agreg\u00f3.<\/p>\n<p>Finalmente, Michael Clark enfatiz\u00f3 en que \u00abnosotros queremos incentivar la venta de los abonos, nuestro p\u00fablico ojal\u00e1 que se abonen todos. Si tu compras el abono puedes ver los 15 partidos por un precio de 10 partidos, efectivamente tenemos contratado Santa Laura por todo el a\u00f1o as\u00ed que ojal\u00e1 que podamos jugarlos todos ah\u00ed\u00bb.<\/p>\n<p><iframe loading=\"lazy\" title=\"MICAHEL CLARK habla del PRECIO DE LAS ENTRADAS y lanza PETICI\u00d3N A LOS HINCHAS\" width=\"696\" height=\"392\" src=\"https:\/\/www.youtube.com\/embed\/cTzedTJkERs?feature=oembed\" frameborder=\"0\" allow=\"accelerometer; autoplay; clipboard-write; encrypted-media; gyroscope; picture-in-picture; web-share\" allowfullscreen><\/iframe><\/p>\n<p>\u00a0<\/p>\n","protected":false},"excerpt":{"rendered":"<p>Las protesta del hincha y las palabras de Mauricio Pellegrino pidiendo que ojal\u00e1 el precio de las entradas fuesen m\u00e1s asequibles ha sido un tema de debate en el mundo azul. Hoy, tras el t\u00e9rmino de la presentaci\u00f3n de la camiseta titular 2023, fue el propio Michael Clark quien debi\u00f3 salir al paso de este [&#8230;]<\/p>\n","protected":false},"author":65,"featured_media":19959,"comment_status":"closed","ping_status":"open","sticky":false,"template":"","format":"standard","meta":{"footnotes":""},"categories":[18],"tags":[195,1835,294],"class_list":{"0":"post-19958","1":"post","2":"type-post","3":"status-publish","4":"format-standard","5":"has-post-thumbnail","7":"category-actualidad","8":"tag-entradas","9":"tag-michael-clark","10":"tag-u-de-chile"},"_links":{"self":[{"href":"https:\/\/www.rincondelbulla.cl\/portal\/wp-json\/wp\/v2\/posts\/19958","targetHints":{"allow":["GET"]}}],"collection":[{"href":"https:\/\/www.rincondelbulla.cl\/portal\/wp-json\/wp\/v2\/posts"}],"about":[{"href":"https:\/\/www.rincondelbulla.cl\/portal\/wp-json\/wp\/v2\/types\/post"}],"author":[{"embeddable":true,"href":"https:\/\/www.rincondelbulla.cl\/portal\/wp-json\/wp\/v2\/users\/65"}],"replies":[{"embeddable":true,"href":"https:\/\/www.rincondelbulla.cl\/portal\/wp-json\/wp\/v2\/comments?post=19958"}],"version-history":[{"count":1,"href":"https:\/\/www.rincondelbulla.cl\/portal\/wp-json\/wp\/v2\/posts\/19958\/revisions"}],"predecessor-version":[{"id":19960,"href":"https:\/\/www.rincondelbulla.cl\/portal\/wp-json\/wp\/v2\/posts\/19958\/revisions\/19960"}],"wp:featuredmedia":[{"embeddable":true,"href":"https:\/\/www.rincondelbulla.cl\/portal\/wp-json\/wp\/v2\/media\/19959"}],"wp:attachment":[{"href":"https:\/\/www.rincondelbulla.cl\/portal\/wp-json\/wp\/v2\/media?parent=19958"}],"wp:term":[{"taxonomy":"category","embeddable":true,"href":"https:\/\/www.rincondelbulla.cl\/portal\/wp-json\/wp\/v2\/categories?post=19958"},{"taxonomy":"post_tag","embeddable":true,"href":"https:\/\/www.rincondelbulla.cl\/portal\/wp-json\/wp\/v2\/tags?post=19958"}],"curies":[{"name":"wp","href":"https:\/\/api.w.org\/{rel}","templated":true}]}}