{"id":20061,"date":"2023-12-23T18:23:00","date_gmt":"2023-12-23T21:23:00","guid":{"rendered":"https:\/\/www.rincondelbulla.cl\/portal\/?p=20061"},"modified":"2024-01-18T18:26:53","modified_gmt":"2024-01-18T21:26:53","slug":"gustavo-alvarez-es-el-nuevo-tecnico-de-la-u","status":"publish","type":"post","link":"https:\/\/www.rincondelbulla.cl\/portal\/2023\/12\/23\/gustavo-alvarez-es-el-nuevo-tecnico-de-la-u\/","title":{"rendered":"Gustavo \u00c1lvarez es el nuevo t\u00e9cnico de la \u00abU\u00bb"},"content":{"rendered":"\n\n\n<p>Luego de varios d\u00edas logrando sellar su llegada, la \u00abU\u00bb ha oficializado a Gustavo \u00c1lvarez como el nuevo director t\u00e9cnico de los azules.<br \/><br \/>\u00e1lvarez lega luego de que Azul Azul pagara 200 mil d\u00f3lares m\u00e1s variables en primera instancia . Resta conocer a cu\u00e1nto alcanzar\u00e1 el monto total, que en un comienzo era de 800 mil d\u00f3lares.<\/p>\n<p>Seg\u00fan indica el comunicado de la instituci\u00f3n \u00aben total, gracias a la buena disposici\u00f3n de todas las partes, la cifra es menor a la que estipulaba el contrato del t\u00e9cnico con el conjunto acerero\u00bb.<\/p>\n<p>El estratega llega proveniente de Huachipato, donde este 2023 alcanz\u00f3 el t\u00edtulo del torneo nacional.<\/p>\n","protected":false},"excerpt":{"rendered":"<p>Luego de varios d\u00edas logrando sellar su llegada, la \u00abU\u00bb ha oficializado a Gustavo \u00c1lvarez como el nuevo director t\u00e9cnico de los azules.\u00e1lvarez lega luego de que Azul Azul pagara 200 mil d\u00f3lares m\u00e1s variables en primera instancia . Resta conocer a cu\u00e1nto alcanzar\u00e1 el monto total, que en un comienzo era de 800 mil [&#8230;]<\/p>\n","protected":false},"author":65,"featured_media":20062,"comment_status":"closed","ping_status":"open","sticky":false,"template":"","format":"standard","meta":{"footnotes":""},"categories":[18],"tags":[],"class_list":{"0":"post-20061","1":"post","2":"type-post","3":"status-publish","4":"format-standard","5":"has-post-thumbnail","7":"category-actualidad"},"_links":{"self":[{"href":"https:\/\/www.rincondelbulla.cl\/portal\/wp-json\/wp\/v2\/posts\/20061","targetHints":{"allow":["GET"]}}],"collection":[{"href":"https:\/\/www.rincondelbulla.cl\/portal\/wp-json\/wp\/v2\/posts"}],"about":[{"href":"https:\/\/www.rincondelbulla.cl\/portal\/wp-json\/wp\/v2\/types\/post"}],"author":[{"embeddable":true,"href":"https:\/\/www.rincondelbulla.cl\/portal\/wp-json\/wp\/v2\/users\/65"}],"replies":[{"embeddable":true,"href":"https:\/\/www.rincondelbulla.cl\/portal\/wp-json\/wp\/v2\/comments?post=20061"}],"version-history":[{"count":1,"href":"https:\/\/www.rincondelbulla.cl\/portal\/wp-json\/wp\/v2\/posts\/20061\/revisions"}],"predecessor-version":[{"id":20063,"href":"https:\/\/www.rincondelbulla.cl\/portal\/wp-json\/wp\/v2\/posts\/20061\/revisions\/20063"}],"wp:featuredmedia":[{"embeddable":true,"href":"https:\/\/www.rincondelbulla.cl\/portal\/wp-json\/wp\/v2\/media\/20062"}],"wp:attachment":[{"href":"https:\/\/www.rincondelbulla.cl\/portal\/wp-json\/wp\/v2\/media?parent=20061"}],"wp:term":[{"taxonomy":"category","embeddable":true,"href":"https:\/\/www.rincondelbulla.cl\/portal\/wp-json\/wp\/v2\/categories?post=20061"},{"taxonomy":"post_tag","embeddable":true,"href":"https:\/\/www.rincondelbulla.cl\/portal\/wp-json\/wp\/v2\/tags?post=20061"}],"curies":[{"name":"wp","href":"https:\/\/api.w.org\/{rel}","templated":true}]}}