{"id":20073,"date":"2023-12-27T22:03:30","date_gmt":"2023-12-28T01:03:30","guid":{"rendered":"https:\/\/www.rincondelbulla.cl\/portal\/?p=20073"},"modified":"2024-01-18T22:07:27","modified_gmt":"2024-01-19T01:07:27","slug":"fabian-hormazabal-es-el-nuevo-lateral-derecho-de-la-u","status":"publish","type":"post","link":"https:\/\/www.rincondelbulla.cl\/portal\/2023\/12\/27\/fabian-hormazabal-es-el-nuevo-lateral-derecho-de-la-u\/","title":{"rendered":"Fabi\u00e1n Hormaz\u00e1bal es el nuevo lateral derecho de la \u00abU\u00bb"},"content":{"rendered":"\n<p>Luego de un 2023 donde ni Yonathan And\u00eda ni Juan Pablo G\u00f3mez lograron tener una titularidad indiscutida, llega Fabi\u00e1n Hormaz\u00e1bal, quien llega con la promesa de ser el lateral derecho de la \u00abU\u00bb.<\/p>\n<p>El jugador de 27 a\u00f1os llega proveniente desde O&#8217;Higgins, club donde disput\u00f3 una totalidad de 35 partidos en el a\u00f1o, siendo titular en todos los encuentros del Torneo Nacional.<\/p>\n<p>\u201cMe tomo con mucho orgullo y madurez llegar a un Club tan grande y ganador como la U. Es un paso importante. F\u00edsicamente me siento en uno de los mejores momentos de mi carrera.\u00a0El respeto por la camiseta y la historia lo buscar\u00e9 demostrar en la cancha\u201d, coment\u00f3 en su llegada.<\/p>\n","protected":false},"excerpt":{"rendered":"<p>Luego de un 2023 donde ni Yonathan And\u00eda ni Juan Pablo G\u00f3mez lograron tener una titularidad indiscutida, llega Fabi\u00e1n Hormaz\u00e1bal, quien llega con la promesa de ser el lateral derecho de la \u00abU\u00bb. El jugador de 27 a\u00f1os llega proveniente desde O&#8217;Higgins, club donde disput\u00f3 una totalidad de 35 partidos en el a\u00f1o, siendo titular [&#8230;]<\/p>\n","protected":false},"author":65,"featured_media":20074,"comment_status":"closed","ping_status":"open","sticky":false,"template":"","format":"standard","meta":{"footnotes":""},"categories":[18],"tags":[],"class_list":{"0":"post-20073","1":"post","2":"type-post","3":"status-publish","4":"format-standard","5":"has-post-thumbnail","7":"category-actualidad"},"_links":{"self":[{"href":"https:\/\/www.rincondelbulla.cl\/portal\/wp-json\/wp\/v2\/posts\/20073","targetHints":{"allow":["GET"]}}],"collection":[{"href":"https:\/\/www.rincondelbulla.cl\/portal\/wp-json\/wp\/v2\/posts"}],"about":[{"href":"https:\/\/www.rincondelbulla.cl\/portal\/wp-json\/wp\/v2\/types\/post"}],"author":[{"embeddable":true,"href":"https:\/\/www.rincondelbulla.cl\/portal\/wp-json\/wp\/v2\/users\/65"}],"replies":[{"embeddable":true,"href":"https:\/\/www.rincondelbulla.cl\/portal\/wp-json\/wp\/v2\/comments?post=20073"}],"version-history":[{"count":1,"href":"https:\/\/www.rincondelbulla.cl\/portal\/wp-json\/wp\/v2\/posts\/20073\/revisions"}],"predecessor-version":[{"id":20075,"href":"https:\/\/www.rincondelbulla.cl\/portal\/wp-json\/wp\/v2\/posts\/20073\/revisions\/20075"}],"wp:featuredmedia":[{"embeddable":true,"href":"https:\/\/www.rincondelbulla.cl\/portal\/wp-json\/wp\/v2\/media\/20074"}],"wp:attachment":[{"href":"https:\/\/www.rincondelbulla.cl\/portal\/wp-json\/wp\/v2\/media?parent=20073"}],"wp:term":[{"taxonomy":"category","embeddable":true,"href":"https:\/\/www.rincondelbulla.cl\/portal\/wp-json\/wp\/v2\/categories?post=20073"},{"taxonomy":"post_tag","embeddable":true,"href":"https:\/\/www.rincondelbulla.cl\/portal\/wp-json\/wp\/v2\/tags?post=20073"}],"curies":[{"name":"wp","href":"https:\/\/api.w.org\/{rel}","templated":true}]}}