{"id":20085,"date":"2024-01-02T11:19:00","date_gmt":"2024-01-02T14:19:00","guid":{"rendered":"https:\/\/www.rincondelbulla.cl\/portal\/?p=20085"},"modified":"2024-01-18T23:22:29","modified_gmt":"2024-01-19T02:22:29","slug":"matias-zaldivia-fija-la-meta-de-la-u-2024","status":"publish","type":"post","link":"https:\/\/www.rincondelbulla.cl\/portal\/2024\/01\/02\/matias-zaldivia-fija-la-meta-de-la-u-2024\/","title":{"rendered":"Mat\u00edas Zaldivia fija la meta de la \u00abU\u00bb 2024"},"content":{"rendered":"\n<p>Esta ma\u00f1ana la \u00abU\u00bb ha comenzado su pretemporada, donde un grupo se dividi\u00f3 en Cl\u00ednica Meds y la otra en el CDA, donde se realizar\u00e1n mediciones f\u00edsica.<\/p>\n<p>En ese contexto, fue Mat\u00edas Zaldivia quien habl\u00f3 claro. \u00abEra un a\u00f1o de transici\u00f3n, no pudimos cumplir el objetivo que era llegar a la Copa Sudamericana, pero este a\u00f1o sabemos que tenemos que pelear el t\u00edtulo\u00bb, apunt\u00f3 claro y conciso.<\/p>\n<p>\u00a0<\/p>\n","protected":false},"excerpt":{"rendered":"<p>Esta ma\u00f1ana la \u00abU\u00bb ha comenzado su pretemporada, donde un grupo se dividi\u00f3 en Cl\u00ednica Meds y la otra en el CDA, donde se realizar\u00e1n mediciones f\u00edsica. En ese contexto, fue Mat\u00edas Zaldivia quien habl\u00f3 claro. \u00abEra un a\u00f1o de transici\u00f3n, no pudimos cumplir el objetivo que era llegar a la Copa Sudamericana, pero este [&#8230;]<\/p>\n","protected":false},"author":65,"featured_media":20086,"comment_status":"closed","ping_status":"open","sticky":false,"template":"","format":"standard","meta":{"footnotes":""},"categories":[18],"tags":[],"class_list":{"0":"post-20085","1":"post","2":"type-post","3":"status-publish","4":"format-standard","5":"has-post-thumbnail","7":"category-actualidad"},"_links":{"self":[{"href":"https:\/\/www.rincondelbulla.cl\/portal\/wp-json\/wp\/v2\/posts\/20085","targetHints":{"allow":["GET"]}}],"collection":[{"href":"https:\/\/www.rincondelbulla.cl\/portal\/wp-json\/wp\/v2\/posts"}],"about":[{"href":"https:\/\/www.rincondelbulla.cl\/portal\/wp-json\/wp\/v2\/types\/post"}],"author":[{"embeddable":true,"href":"https:\/\/www.rincondelbulla.cl\/portal\/wp-json\/wp\/v2\/users\/65"}],"replies":[{"embeddable":true,"href":"https:\/\/www.rincondelbulla.cl\/portal\/wp-json\/wp\/v2\/comments?post=20085"}],"version-history":[{"count":1,"href":"https:\/\/www.rincondelbulla.cl\/portal\/wp-json\/wp\/v2\/posts\/20085\/revisions"}],"predecessor-version":[{"id":20087,"href":"https:\/\/www.rincondelbulla.cl\/portal\/wp-json\/wp\/v2\/posts\/20085\/revisions\/20087"}],"wp:featuredmedia":[{"embeddable":true,"href":"https:\/\/www.rincondelbulla.cl\/portal\/wp-json\/wp\/v2\/media\/20086"}],"wp:attachment":[{"href":"https:\/\/www.rincondelbulla.cl\/portal\/wp-json\/wp\/v2\/media?parent=20085"}],"wp:term":[{"taxonomy":"category","embeddable":true,"href":"https:\/\/www.rincondelbulla.cl\/portal\/wp-json\/wp\/v2\/categories?post=20085"},{"taxonomy":"post_tag","embeddable":true,"href":"https:\/\/www.rincondelbulla.cl\/portal\/wp-json\/wp\/v2\/tags?post=20085"}],"curies":[{"name":"wp","href":"https:\/\/api.w.org\/{rel}","templated":true}]}}