{"id":20088,"date":"2024-01-03T11:26:00","date_gmt":"2024-01-03T14:26:00","guid":{"rendered":"https:\/\/www.rincondelbulla.cl\/portal\/?p=20088"},"modified":"2024-01-18T23:28:44","modified_gmt":"2024-01-19T02:28:44","slug":"gabriel-castellon-llega-a-competir-por-el-arco-de-la-u","status":"publish","type":"post","link":"https:\/\/www.rincondelbulla.cl\/portal\/2024\/01\/03\/gabriel-castellon-llega-a-competir-por-el-arco-de-la-u\/","title":{"rendered":"Gabriel Castell\u00f3n llega a competir por el arco de la \u00abU\u00bb"},"content":{"rendered":"\n<p>Tras laa salide de Crist\u00f3bal Campos, el arco de la \u00abU\u00bb qued\u00f3 sin competencia. Pero se ha acabado y Cristopher Toselli tiene un nuevo compa\u00f1ero.<\/p>\n<p>Se trata de Gabriel Castell\u00f3n, quien llega proveniente de Huachipato, club con el que acaba de salir cmape\u00f3n y compartir con el t\u00e9cnico Gustavo \u00c1lvarez.<\/p>\n<p>\u201cLlego muy maduro y vengo a aportar mi granito de arena para que el Club puede estar mucho mejor.\u00a0Uno ya viene mentalizado para ganar y seguir ratificando lo demostrado en el d\u00eda a d\u00eda. Me motiva aspirar a nuevos desaf\u00edos, volver a estar en copas internacionales y peleando t\u00edtulos, es lo que uno debe esperar estando en la U\u201d, declar\u00f3 al club.\u00a0<\/p>\n","protected":false},"excerpt":{"rendered":"<p>Tras laa salide de Crist\u00f3bal Campos, el arco de la \u00abU\u00bb qued\u00f3 sin competencia. Pero se ha acabado y Cristopher Toselli tiene un nuevo compa\u00f1ero. Se trata de Gabriel Castell\u00f3n, quien llega proveniente de Huachipato, club con el que acaba de salir cmape\u00f3n y compartir con el t\u00e9cnico Gustavo \u00c1lvarez. \u201cLlego muy maduro y vengo [&#8230;]<\/p>\n","protected":false},"author":65,"featured_media":20089,"comment_status":"closed","ping_status":"open","sticky":false,"template":"","format":"standard","meta":{"footnotes":""},"categories":[18],"tags":[],"class_list":{"0":"post-20088","1":"post","2":"type-post","3":"status-publish","4":"format-standard","5":"has-post-thumbnail","7":"category-actualidad"},"_links":{"self":[{"href":"https:\/\/www.rincondelbulla.cl\/portal\/wp-json\/wp\/v2\/posts\/20088","targetHints":{"allow":["GET"]}}],"collection":[{"href":"https:\/\/www.rincondelbulla.cl\/portal\/wp-json\/wp\/v2\/posts"}],"about":[{"href":"https:\/\/www.rincondelbulla.cl\/portal\/wp-json\/wp\/v2\/types\/post"}],"author":[{"embeddable":true,"href":"https:\/\/www.rincondelbulla.cl\/portal\/wp-json\/wp\/v2\/users\/65"}],"replies":[{"embeddable":true,"href":"https:\/\/www.rincondelbulla.cl\/portal\/wp-json\/wp\/v2\/comments?post=20088"}],"version-history":[{"count":1,"href":"https:\/\/www.rincondelbulla.cl\/portal\/wp-json\/wp\/v2\/posts\/20088\/revisions"}],"predecessor-version":[{"id":20090,"href":"https:\/\/www.rincondelbulla.cl\/portal\/wp-json\/wp\/v2\/posts\/20088\/revisions\/20090"}],"wp:featuredmedia":[{"embeddable":true,"href":"https:\/\/www.rincondelbulla.cl\/portal\/wp-json\/wp\/v2\/media\/20089"}],"wp:attachment":[{"href":"https:\/\/www.rincondelbulla.cl\/portal\/wp-json\/wp\/v2\/media?parent=20088"}],"wp:term":[{"taxonomy":"category","embeddable":true,"href":"https:\/\/www.rincondelbulla.cl\/portal\/wp-json\/wp\/v2\/categories?post=20088"},{"taxonomy":"post_tag","embeddable":true,"href":"https:\/\/www.rincondelbulla.cl\/portal\/wp-json\/wp\/v2\/tags?post=20088"}],"curies":[{"name":"wp","href":"https:\/\/api.w.org\/{rel}","templated":true}]}}