{"id":20091,"date":"2024-01-03T11:29:00","date_gmt":"2024-01-03T14:29:00","guid":{"rendered":"https:\/\/www.rincondelbulla.cl\/portal\/?p=20091"},"modified":"2024-01-18T23:34:44","modified_gmt":"2024-01-19T02:34:44","slug":"la-pizarra-de-alvarez-muestra-su-formula-y-adelanta-nuevo-refuerzo","status":"publish","type":"post","link":"https:\/\/www.rincondelbulla.cl\/portal\/2024\/01\/03\/la-pizarra-de-alvarez-muestra-su-formula-y-adelanta-nuevo-refuerzo\/","title":{"rendered":"La pizarra de \u00c1lvarez muestra su f\u00f3rmula y adelanta nuevo refuerzo"},"content":{"rendered":"\n<p>La \u00abU\u00bb public\u00f3 una entrevista con Gustavo \u00c1lvarez, quien repasa sus aspiraciones al llegar al club y su f\u00f3rmula de trabajo. Eso si, hubo una imagen que dice mucho m\u00e1s, y es una del t\u00e9cnico escribiendo en la pizarra.<br \/><br \/>La imagen muestra que la \u00abU\u00bb volver\u00e1 a utilizar el esquema 4-3-3 y los nombres por posici\u00f3n. En esa pasada, en la l\u00ednea defensiva aparece la abreviatura \u00abCAL\u00bb. Se trata de Franco Calder\u00f3n, quien super\u00f3 los ex\u00e1menes m\u00e9dicos y prontamente ser\u00e1 presentado como nuevo refuerzo de la zaga azul.<\/p>\n<p><div class=\"youtube-embed\" data-video_id=\"I5LbRwPQkhs\"><iframe loading=\"lazy\" title=\"Gustavo \u00c1lvarez, nuevo DT: \u201cVamos a representar muy bien lo que quiere y siente el hincha\u201d\" width=\"696\" height=\"392\" src=\"https:\/\/www.youtube.com\/embed\/I5LbRwPQkhs?feature=oembed&#038;enablejsapi=1\" frameborder=\"0\" allow=\"accelerometer; autoplay; clipboard-write; encrypted-media; gyroscope; picture-in-picture; web-share\" allowfullscreen><\/iframe><\/div><\/p>\n","protected":false},"excerpt":{"rendered":"<p>La \u00abU\u00bb public\u00f3 una entrevista con Gustavo \u00c1lvarez, quien repasa sus aspiraciones al llegar al club y su f\u00f3rmula de trabajo. Eso si, hubo una imagen que dice mucho m\u00e1s, y es una del t\u00e9cnico escribiendo en la pizarra.La imagen muestra que la \u00abU\u00bb volver\u00e1 a utilizar el esquema 4-3-3 y los nombres por posici\u00f3n. [&#8230;]<\/p>\n","protected":false},"author":65,"featured_media":20092,"comment_status":"closed","ping_status":"open","sticky":false,"template":"","format":"standard","meta":{"footnotes":""},"categories":[18],"tags":[],"class_list":{"0":"post-20091","1":"post","2":"type-post","3":"status-publish","4":"format-standard","5":"has-post-thumbnail","7":"category-actualidad"},"_links":{"self":[{"href":"https:\/\/www.rincondelbulla.cl\/portal\/wp-json\/wp\/v2\/posts\/20091","targetHints":{"allow":["GET"]}}],"collection":[{"href":"https:\/\/www.rincondelbulla.cl\/portal\/wp-json\/wp\/v2\/posts"}],"about":[{"href":"https:\/\/www.rincondelbulla.cl\/portal\/wp-json\/wp\/v2\/types\/post"}],"author":[{"embeddable":true,"href":"https:\/\/www.rincondelbulla.cl\/portal\/wp-json\/wp\/v2\/users\/65"}],"replies":[{"embeddable":true,"href":"https:\/\/www.rincondelbulla.cl\/portal\/wp-json\/wp\/v2\/comments?post=20091"}],"version-history":[{"count":1,"href":"https:\/\/www.rincondelbulla.cl\/portal\/wp-json\/wp\/v2\/posts\/20091\/revisions"}],"predecessor-version":[{"id":20093,"href":"https:\/\/www.rincondelbulla.cl\/portal\/wp-json\/wp\/v2\/posts\/20091\/revisions\/20093"}],"wp:featuredmedia":[{"embeddable":true,"href":"https:\/\/www.rincondelbulla.cl\/portal\/wp-json\/wp\/v2\/media\/20092"}],"wp:attachment":[{"href":"https:\/\/www.rincondelbulla.cl\/portal\/wp-json\/wp\/v2\/media?parent=20091"}],"wp:term":[{"taxonomy":"category","embeddable":true,"href":"https:\/\/www.rincondelbulla.cl\/portal\/wp-json\/wp\/v2\/categories?post=20091"},{"taxonomy":"post_tag","embeddable":true,"href":"https:\/\/www.rincondelbulla.cl\/portal\/wp-json\/wp\/v2\/tags?post=20091"}],"curies":[{"name":"wp","href":"https:\/\/api.w.org\/{rel}","templated":true}]}}