{"id":2219,"date":"2010-10-16T22:52:02","date_gmt":"2010-10-16T22:52:02","guid":{"rendered":"http:\/\/www.rincondelbulla.cl\/portal\/?p=2219"},"modified":"2010-10-16T22:52:02","modified_gmt":"2010-10-16T22:52:02","slug":"mas-alla-del-horizonte-union-espanola-vs-universidad-de-chile","status":"publish","type":"post","link":"https:\/\/www.rincondelbulla.cl\/portal\/2010\/10\/16\/mas-alla-del-horizonte-union-espanola-vs-universidad-de-chile\/","title":{"rendered":"M\u00e1s all\u00e1 del horizonte: Uni\u00f3n Espa\u00f1ola vs. Universidad de Chile"},"content":{"rendered":"<p><img decoding=\"async\" src=\"images\/stories\/nuevacamiseta2008.jpg\" hspace=\"6\" alt=\"\" title=\"\" border=\"0\" style=\"float: left;\" \/><b> En un encuentro de suma importancia, Uni&oacute;n Espa&ntilde;ola derrot&oacute; por dos goles a uno a Universidad de Chile, atestando un duro golpe a las aspiraciones laicas de bajar la estrella n&uacute;mero 14. <i>Rinc&oacute;n del Bulla<\/i> estuvo en el recinto de Independencia para llevarte todos los pormenores del choque entre hispanos y estudiantiles.<\/b>  <!--more--> <\/p>\n<p> {mosimage} <\/p>\n<p> &nbsp; <\/p>\n<p> <b>Se cort&oacute; la racha<\/b><\/p>\n<p> De hac&iacute;a m&aacute;s de tres a&ntilde;os databa la &uacute;ltima vez que Uni&oacute;n Espa&ntilde;ola hab&iacute;a doblegado a la Universidad de Chile. En encuentro disputado el 26 de mayo del 2007 en el Estadio Nacional, por la fecha 19 del Torneo Apertura, los entonces dirigidos por H&eacute;ctor Pinto ganaron por el mismo marcador de la jornada de hoy, gracias a tantos de Julio Guti&eacute;rrez y Math&iacute;as Vidangossy. Para el <i>Chuncho<\/i> descont&oacute; Patricio Galaz. Desde entonces, los azules hab&iacute;an ganado siete de los ocho duelos disputados, incluida la final de vuelta del Apertura 2009. <\/p>\n<p> <b>Un descanso, por favor&hellip;<\/b><\/p>\n<p> No por nada a Mauricio Victorino le apodan el <i>Espartano<\/i>. El charr&uacute;a emprendi&oacute; un viaje de 36 horas el jueves desde Asia, donde se encontraba de gira junto a su Selecci&oacute;n, del cual apenas lleg&oacute; ayer a las cero horas. A pesar de esto, fue titular en el encuentro de hoy y tuvo una destacada participaci&oacute;n, aunque por momentos se le vio lento e impreciso. Bueno, &iquest;qui&eacute;n no lo estar&iacute;a despu&eacute;s del ya citado periplo?<br \/> <b><br \/> S&iacute; cab&iacute;an m&aacute;s alfileres<\/b><\/p>\n<p> Contrario a lo que se pens&oacute;, no lleg&oacute; mucho p&uacute;blico al Estadio Santa Laura. La Intendencia Metropolitana y el club hispano proyectaban casi 20 mil almas presentes para este importante partido, pero la elevada temperatura en la tarde del s&aacute;bado y los altos precios de las entradas ($ 6 mil la galer&iacute;a) atentaron contra el arribo de m&aacute;s gente al inmueble de Plaza Chacabuco. Al final, se reportaron s&oacute;lo 9.668 personas controladas.<br \/> <b><br \/> Mis <i>queridos <\/i>marginados<\/b><\/p>\n<p> La semana pasada, en plena gira de la Selecci&oacute;n chilena al Medio Oriente, estall&oacute; un conflicto entre la <i>U<\/i> y la Anfp que termin&oacute; con la marginaci&oacute;n de cuatro jugadores azules del combinado patrio (Eugenio Mena, Edson Puch, Eduardo Vargas y Juan Abarca) y el retorno por lesi&oacute;n de Felipe Seymour. Hoy en una de las &uacute;ltimas casetas del sector Sur del Estadio Santa Laura se ubic&oacute; Marcelo Bielsa, gestor de aquella severa determinaci&oacute;n, para observar el desempe&ntilde;o de los cinco valores universitarios, entre otros. &iquest;Resultado? Seymour mantuvo la regularidad que lo ha caracterizado este a&ntilde;o, Abarca se vio en problemas en varias oportunidades en el centro de la zaga, Puch y Vargas no rindieron al nivel esperado, y Mena ni siquiera fue citado. <br \/> <b><i><br \/> Arc&aacute;ngel <\/i>molesto<\/b><\/p>\n<p> Entre mi&eacute;rcoles y jueves, parec&iacute;a que las &uacute;nicas noticias importantes en Chile eran las relacionadas al rescate de los 33 mineros atrapados en Copiap&oacute;. Dicho esto, pasaron casi desapercibidas las declaraciones formuladas por Gabriel Vargas anteayer. El <i>Arc&aacute;ngel del Gol<\/i> reclam&oacute; que <i>si no juego, evaluar&eacute; si sigo a fin de a&ntilde;o. De aqu&iacute; a lo queda de torneo me gustar&iacute;a jugar<\/i>. Vargas es el tercer m&aacute;ximo goleador de la <i>U<\/i> esta temporada con 10 gritos, pero no ha gozado de la titularidad exclusiva en la delantera laica. Por si fuera poco, el otrora Cobresal se desgarr&oacute; los isquiotibiales y estar&aacute; ausente de las canchas por dos semanas&hellip;<\/p>\n","protected":false},"excerpt":{"rendered":"<p>En un encuentro de suma importancia, Uni&oacute;n Espa&ntilde;ola derrot&oacute; por dos goles a uno a Universidad de Chile, atestando un duro golpe a las aspiraciones laicas de bajar la estrella n&uacute;mero 14. Rinc&oacute;n del Bulla estuvo en el recinto de Independencia para llevarte todos los pormenores del choque entre hispanos y estudiantiles.<\/p>\n","protected":false},"author":50,"featured_media":0,"comment_status":"open","ping_status":"open","sticky":false,"template":"","format":"standard","meta":{"footnotes":""},"categories":[18],"tags":[],"class_list":{"0":"post-2219","1":"post","2":"type-post","3":"status-publish","4":"format-standard","6":"category-actualidad"},"_links":{"self":[{"href":"https:\/\/www.rincondelbulla.cl\/portal\/wp-json\/wp\/v2\/posts\/2219","targetHints":{"allow":["GET"]}}],"collection":[{"href":"https:\/\/www.rincondelbulla.cl\/portal\/wp-json\/wp\/v2\/posts"}],"about":[{"href":"https:\/\/www.rincondelbulla.cl\/portal\/wp-json\/wp\/v2\/types\/post"}],"author":[{"embeddable":true,"href":"https:\/\/www.rincondelbulla.cl\/portal\/wp-json\/wp\/v2\/users\/50"}],"replies":[{"embeddable":true,"href":"https:\/\/www.rincondelbulla.cl\/portal\/wp-json\/wp\/v2\/comments?post=2219"}],"version-history":[{"count":0,"href":"https:\/\/www.rincondelbulla.cl\/portal\/wp-json\/wp\/v2\/posts\/2219\/revisions"}],"wp:attachment":[{"href":"https:\/\/www.rincondelbulla.cl\/portal\/wp-json\/wp\/v2\/media?parent=2219"}],"wp:term":[{"taxonomy":"category","embeddable":true,"href":"https:\/\/www.rincondelbulla.cl\/portal\/wp-json\/wp\/v2\/categories?post=2219"},{"taxonomy":"post_tag","embeddable":true,"href":"https:\/\/www.rincondelbulla.cl\/portal\/wp-json\/wp\/v2\/tags?post=2219"}],"curies":[{"name":"wp","href":"https:\/\/api.w.org\/{rel}","templated":true}]}}