{"id":2231,"date":"2010-11-22T13:20:53","date_gmt":"2010-11-22T13:20:53","guid":{"rendered":"http:\/\/www.rincondelbulla.cl\/portal\/?p=2231"},"modified":"2010-11-22T13:20:53","modified_gmt":"2010-11-22T13:20:53","slug":"el-lamento-de-rivarola-le-falle-a-la-gente-de-la-u-que-queria-una-alegria","status":"publish","type":"post","link":"https:\/\/www.rincondelbulla.cl\/portal\/2010\/11\/22\/el-lamento-de-rivarola-le-falle-a-la-gente-de-la-u-que-queria-una-alegria\/","title":{"rendered":"El lamento de Rivarola: \u00abLe fall\u00e9 a la gente de la U que quer\u00eda una alegr\u00eda\u00bb"},"content":{"rendered":"<p><img loading=\"lazy\" decoding=\"async\" src=\"http:\/\/img.emol40.elmercurio.com\/2010\/11\/21\/File_20101121185743.jpg\" style=\"float: left; margin: 5px; width: 134px; height: 87px\" height=\"87\" width=\"134\" \/><b>Tras el triunfo de la UC, el atacante del cuadro azul reconoci&oacute; estar &quot;muy triste&quot; y asumi&oacute; su responsabilidad luego de desperdiciar un penal.<\/b><br \/> Corr&iacute;a el minuto 78 y el juez Enrique Osses cobra penal para Universidad de Chile. Los azules estaban a un paso de quedarse con el cl&aacute;sico ante Universidad Cat&oacute;lica, pero Diego Gabriel Rivarola dijo otra cosa.  <!--more--> <br \/> El atacante argentino enfrenta a Cristopher Toselli y su remate da en el travesa&ntilde;o. De ah&iacute;, la historia fue otra y la celebraci&oacute;n fue s&oacute;lo para  los cruzados.<\/p>\n<p> Al abandonar el camar&iacute;n, Rivarola no tuvo problemas para enfrentar a los medios. El delantero reconoci&oacute; que &quot;estoy muy triste porque le fall&eacute; a  la gente de la U que quer&iacute;a una alegr&iacute;a&quot;.<\/p>\n<p> No se qued&oacute; ah&iacute; el trasandino y asegur&oacute; que &quot;son cosas que pasan, pero  lamentablemente el partido pas&oacute; por mi penal. Es responsabilidad m&iacute;a ya  que ten&iacute;a el partido en mis pies y fall&eacute;. Lo lamento mucho por la gente y por mis compa&ntilde;eros, quienes estaban con mucha ilusi&oacute;n de ganar este  partido&quot;.<\/p>\n<p> Por su parte, el presidente de Azul Azul, Federico Vald&eacute;s, no ocult&oacute; su  amargura por la dura ca&iacute;da ante el equipo de Juan Antonio Pizzi.  &quot;Estamos muy triste y veremos si somos capaces de ganar la liguilla para clasificar a la Copa Libertadores&quot;.<\/p>\n<p> El timonel del elenco laico fue claro en se&ntilde;alar que &quot;no estamos  logrando el objetivo que todos quer&iacute;amos que era salir campe&oacute;n, no cabe  otra que luchar en la liguilla&quot;.<\/p>\n<p> Vald&eacute;s, quien fue categ&oacute;rico en se&ntilde;alar que la continuidad del t&eacute;cnico  Gerardo Pelusso se ver&aacute; una vez que finalice el campeonato, reconoci&oacute;  que la U est&aacute; en deuda en los cl&aacute;sicos. &quot;Es verdad que la estad&iacute;sticas  son clara y nonos ha ido bien&quot;. <\/p>\n","protected":false},"excerpt":{"rendered":"<p>Tras el triunfo de la UC, el atacante del cuadro azul reconoci&oacute; estar &quot;muy triste&quot; y asumi&oacute; su responsabilidad luego de desperdiciar un penal. Corr&iacute;a el minuto 78 y el juez Enrique Osses cobra penal para Universidad de Chile. Los azules estaban a un paso de quedarse con el cl&aacute;sico ante Universidad Cat&oacute;lica, pero Diego [&#8230;]<\/p>\n","protected":false},"author":1,"featured_media":0,"comment_status":"open","ping_status":"open","sticky":false,"template":"","format":"standard","meta":{"footnotes":""},"categories":[18],"tags":[],"class_list":{"0":"post-2231","1":"post","2":"type-post","3":"status-publish","4":"format-standard","6":"category-actualidad"},"_links":{"self":[{"href":"https:\/\/www.rincondelbulla.cl\/portal\/wp-json\/wp\/v2\/posts\/2231","targetHints":{"allow":["GET"]}}],"collection":[{"href":"https:\/\/www.rincondelbulla.cl\/portal\/wp-json\/wp\/v2\/posts"}],"about":[{"href":"https:\/\/www.rincondelbulla.cl\/portal\/wp-json\/wp\/v2\/types\/post"}],"author":[{"embeddable":true,"href":"https:\/\/www.rincondelbulla.cl\/portal\/wp-json\/wp\/v2\/users\/1"}],"replies":[{"embeddable":true,"href":"https:\/\/www.rincondelbulla.cl\/portal\/wp-json\/wp\/v2\/comments?post=2231"}],"version-history":[{"count":0,"href":"https:\/\/www.rincondelbulla.cl\/portal\/wp-json\/wp\/v2\/posts\/2231\/revisions"}],"wp:attachment":[{"href":"https:\/\/www.rincondelbulla.cl\/portal\/wp-json\/wp\/v2\/media?parent=2231"}],"wp:term":[{"taxonomy":"category","embeddable":true,"href":"https:\/\/www.rincondelbulla.cl\/portal\/wp-json\/wp\/v2\/categories?post=2231"},{"taxonomy":"post_tag","embeddable":true,"href":"https:\/\/www.rincondelbulla.cl\/portal\/wp-json\/wp\/v2\/tags?post=2231"}],"curies":[{"name":"wp","href":"https:\/\/api.w.org\/{rel}","templated":true}]}}