{"id":2265,"date":"2011-01-23T12:53:09","date_gmt":"2011-01-23T12:53:09","guid":{"rendered":"http:\/\/www.rincondelbulla.cl\/portal\/?p=2265"},"modified":"2011-01-23T12:53:09","modified_gmt":"2011-01-23T12:53:09","slug":"golpe-en-el-arco-azul-johnny-herrera-regresa-a-la-u","status":"publish","type":"post","link":"https:\/\/www.rincondelbulla.cl\/portal\/2011\/01\/23\/golpe-en-el-arco-azul-johnny-herrera-regresa-a-la-u\/","title":{"rendered":"Golpe en el arco azul: Johnny Herrera regresa a la \u201cU\u201d"},"content":{"rendered":"<figure id=\"attachment_3897\" aria-describedby=\"caption-attachment-3897\" style=\"width: 600px\" class=\"wp-caption alignnone\"><img loading=\"lazy\" decoding=\"async\" class=\" size-full wp-image-3897\" src=\"http:\/\/www.rincondelbulla.cl\/portal\/wp-content\/uploads\/2011\/01\/8086eff79b547ba5f77319d83cfb55a4.jpg\" alt=\"Foto: Photosport\" class=\"caption\" title=\"Fuente: Prensafutbol.cl\" width=\"600\" height=\"340\" srcset=\"https:\/\/www.rincondelbulla.cl\/portal\/wp-content\/uploads\/2011\/01\/8086eff79b547ba5f77319d83cfb55a4.jpg 600w, https:\/\/www.rincondelbulla.cl\/portal\/wp-content\/uploads\/2011\/01\/8086eff79b547ba5f77319d83cfb55a4-300x170.jpg 300w\" sizes=\"auto, (max-width: 600px) 100vw, 600px\" \/><figcaption id=\"caption-attachment-3897\" class=\"wp-caption-text\">Fuente: Prensafutbol.cl<\/figcaption><\/figure>\n<p><strong>Universidad de Chile pag\u00f3 la cla\u00fasula de salida al Audax Italiano -US$ 700 mil- y logr\u00f3 el retorno del portero, que ser\u00e1 titular en lugar de Estaban Conde, que no es bien evaluado por Sampaoli. Herrera fue capit\u00e1n del equipo campe\u00f3n en el Apertura 2004.<\/strong><br \/>Se habl\u00f3 en diciembre y hasta los primeros d\u00edas de enero, pero nada se concret\u00f3. Y se pensaba que ya era tema olvidado con el inicio de los cotejos amitosos y con el anuncio del presidente de Azul Azul, Federico Vald\u00e9s, que daba por cerrado el plantel. Pero nada. Universidad de Chile consigui\u00f3 un \u00faltimo refuerzo y es uno que los hinchas conocen muy bien: Johnny Herrera.<\/p>\n<p>  <!--more-->  <\/p>\n<p>El portero acord\u00f3 el traspaso despu\u00e9s que la &#8216;U&#8217; le cancelara a Audax Italiano la cl\u00e1usla de rescisi\u00f3n de contrato -700 mil d\u00f3lares- y que el cuadro laico aceptara las condiciones de Herrera, que eran las mismas que hab\u00eda pedido semanas atr\u00e1s, cuando Carlos Heller inici\u00f3 solo conversaciones con el arquero.<\/p>\n<p>\u00bfY por qu\u00e9 llega ahora Herrera? Porque Esteban Conde no es del gusto de Jorge Sampaoli y sus malas actuaciones en los amistosos terminaron por sellar la decisi\u00f3n que el t\u00e9cnico ven\u00eda pensando, observando el nivel de sus actuales porteros: el uruguayo no ser\u00eda titular. Es m\u00e1s, ser\u00eda la tercera opci\u00f3n si llegaba alguien m\u00e1s, porque el segundo ser\u00eda Nery Veloso.<\/p>\n<p>Y como eso sucedi\u00f3, el &#8216;charr\u00faa&#8217;, que lleg\u00f3 a la &#8216;U&#8217; con Gerardo Pelusso, buscar\u00eda emigrar al tener escasas opciones de luchar por la titularidad.<\/p>\n<p>Johnny Herrera ser\u00e1 presentado este lunes en el CDA y todo parece indicar que viene no s\u00f3lo a ser titular, sino a pelear por la capitan\u00eda de Universidad de Chile -hoy en el brazo de Jos\u00e9 Rojas- ya que es uno de los grandes referentes azules. Sali\u00f3 campe\u00f3n el 2004 y convirti\u00f3 el pena decisivo en la final del Apertura de ese a\u00f1o ante Cobreloa.<\/p>\n<p>\u00a0<\/p>\n","protected":false},"excerpt":{"rendered":"<p>Universidad de Chile pag\u00f3 la cla\u00fasula de salida al Audax Italiano -US$ 700 mil- y logr\u00f3 el retorno del portero, que ser\u00e1 titular en lugar de Estaban Conde, que no es bien evaluado por Sampaoli. Herrera fue capit\u00e1n del equipo campe\u00f3n en el Apertura 2004.Se habl\u00f3 en diciembre y hasta los primeros d\u00edas de enero, [&#8230;]<\/p>\n","protected":false},"author":1,"featured_media":3897,"comment_status":"open","ping_status":"open","sticky":false,"template":"","format":"standard","meta":{"footnotes":""},"categories":[18],"tags":[],"class_list":{"0":"post-2265","1":"post","2":"type-post","3":"status-publish","4":"format-standard","5":"has-post-thumbnail","7":"category-actualidad"},"_links":{"self":[{"href":"https:\/\/www.rincondelbulla.cl\/portal\/wp-json\/wp\/v2\/posts\/2265","targetHints":{"allow":["GET"]}}],"collection":[{"href":"https:\/\/www.rincondelbulla.cl\/portal\/wp-json\/wp\/v2\/posts"}],"about":[{"href":"https:\/\/www.rincondelbulla.cl\/portal\/wp-json\/wp\/v2\/types\/post"}],"author":[{"embeddable":true,"href":"https:\/\/www.rincondelbulla.cl\/portal\/wp-json\/wp\/v2\/users\/1"}],"replies":[{"embeddable":true,"href":"https:\/\/www.rincondelbulla.cl\/portal\/wp-json\/wp\/v2\/comments?post=2265"}],"version-history":[{"count":0,"href":"https:\/\/www.rincondelbulla.cl\/portal\/wp-json\/wp\/v2\/posts\/2265\/revisions"}],"wp:featuredmedia":[{"embeddable":true,"href":"https:\/\/www.rincondelbulla.cl\/portal\/wp-json\/wp\/v2\/media\/3897"}],"wp:attachment":[{"href":"https:\/\/www.rincondelbulla.cl\/portal\/wp-json\/wp\/v2\/media?parent=2265"}],"wp:term":[{"taxonomy":"category","embeddable":true,"href":"https:\/\/www.rincondelbulla.cl\/portal\/wp-json\/wp\/v2\/categories?post=2265"},{"taxonomy":"post_tag","embeddable":true,"href":"https:\/\/www.rincondelbulla.cl\/portal\/wp-json\/wp\/v2\/tags?post=2265"}],"curies":[{"name":"wp","href":"https:\/\/api.w.org\/{rel}","templated":true}]}}