{"id":2307,"date":"2011-02-26T15:47:35","date_gmt":"2011-02-26T15:47:35","guid":{"rendered":"http:\/\/www.rincondelbulla.cl\/portal\/?p=2307"},"modified":"2011-02-26T15:47:35","modified_gmt":"2011-02-26T15:47:35","slug":"la-previa-universidad-de-concepcion-vs-universidad-de-chile-3","status":"publish","type":"post","link":"https:\/\/www.rincondelbulla.cl\/portal\/2011\/02\/26\/la-previa-universidad-de-concepcion-vs-universidad-de-chile-3\/","title":{"rendered":"La Previa: Universidad de Concepci\u00f3n vs. Universidad de Chile"},"content":{"rendered":"<figure id=\"attachment_3938\" aria-describedby=\"caption-attachment-3938\" style=\"width: 600px\" class=\"wp-caption alignnone\"><img loading=\"lazy\" decoding=\"async\" class=\" size-full wp-image-3938\" src=\"http:\/\/www.rincondelbulla.cl\/portal\/wp-content\/uploads\/2011\/02\/1793b77e8cc214ab53e8b6ee5ded7d34.jpg\" alt=\"Foto: UPI\" class=\"caption\" title=\"Los azules buscar\u00e1n volver al triunfo en Collao\" width=\"600\" height=\"340\" srcset=\"https:\/\/www.rincondelbulla.cl\/portal\/wp-content\/uploads\/2011\/02\/1793b77e8cc214ab53e8b6ee5ded7d34.jpg 600w, https:\/\/www.rincondelbulla.cl\/portal\/wp-content\/uploads\/2011\/02\/1793b77e8cc214ab53e8b6ee5ded7d34-300x170.jpg 300w\" sizes=\"auto, (max-width: 600px) 100vw, 600px\" \/><figcaption id=\"caption-attachment-3938\" class=\"wp-caption-text\">Los azules buscar\u00e1n volver al triunfo en Collao<\/figcaption><\/figure>\n<p><strong>Un duro golpe sufri\u00f3 este jueves el equipo M\u00e1gico, pero hay poco tiempo para lamentaciones. Ma\u00f1ana se viene otro importante duelo por el Torneo de Apertura y los azules esperan retomar la senda del buen juego y del triunfo. La bit\u00e1cora esta vez nos lleva hasta la Octava Regi\u00f3n, donde enfretar\u00e1n a la Universidad de Concepci\u00f3n -justo cuando se cumpla un a\u00f1o 27F- en un encuentro v\u00e1lido por la sexta fecha del Torneo de Apertura 2011.\u00a0 Ya palpitamos la previa en el Rinc\u00f3n del Bulla. \u00a1No te la pierdas!<\/strong><\/p>\n<p>  <!--more-->  <\/p>\n<p style=\"text-align: justify;\">Sin lugar a dudas, el partido de este jueves sirvi\u00f3 para aterrizar a muchos que ve\u00edan en el sistema t\u00e1ctico de Jorge Sampaoli, un esquema pr\u00e1cticamente invencible. Y ya lo hab\u00eda dicho luego del triunfo sobre Cobreloa: \u201cvivimos en un \u00e9xito moment\u00e1neo. Hay que estar preparados para los momentos de derrota. Reci\u00e9n van tres fechas, por lo que considerarnos favoritos es muy de corto plazo\u201d.<\/p>\n<p>Y ten\u00eda raz\u00f3n, porque Santiago Morning desnud\u00f3 todas las falencias de Universidad de Chile. Partiendo por la defensa, donde Jos\u00e9 Rojas y Juan Abarca demostraron que no pueden jugar juntos por el centro de la zaga. S\u00ed, porque ambos necesitan de un patr\u00f3n que los dirija, tal como lo hac\u00eda Mauricio Victorino. A eso debemos sumar que ninguno de los dos goza de una estatura prominente para aventajar a los delanteros en el juego a\u00e9reo.\u00a0 Al parecer Marcos Gonz\u00e1lez ser\u00eda la mejor alternativa y el sacrificado Abarca.<\/p>\n<p>Al respecto, Eugenio Mena, una vez finalizado el encuentro, declar\u00f3 que \u201cestuvimos muy expuestos atr\u00e1s, lo que nos hizo quedar mano a mano varias veces. Eso nos cost\u00f3 el primer gol y a la larga nos llev\u00f3 a perder el partido\u201d<\/p>\n<p>En el medio terreno tenemos a Seymour y Ar\u00e1nguiz como contenci\u00f3n y a Guillermo Marino como enganche. Los dos primeros sencillamente no funcionaron. El m\u00e1s destacable fue Marino, aunque eso no quiere decir que haya sido figura, porque en ning\u00fan caso lo fue. A\u00fan sigo creyendo que le hace falta mayor protagonismo y agresividad al equipo en la mitad de la canccha. Hay que ver qu\u00e9 tan bien se acopla en este sistema Mat\u00edas P\u00e9rez Garc\u00eda que, para quienes a\u00fan no lo conocen bien, es un habilitador innato. Pueden buscar videos suyos en <a href=\"http:\/\/www.youtube.com\/watch?v=4gBM__VoceM\">YouTube<\/a>.<\/p>\n<p>En delantera tenemos a Puch, por la derecha, Canales en el centro y a E. Vargas, por la izquierda. El a\u00f1o pasado los puntas azules destacaron por su constante irregularidad, con s\u00f3lo chispazos de talento. La noche del jueves se nos vino a la cabeza ese viejo fantasma. Ambos fueron un \u201ckamikase\u201d que se estrell\u00f3 una y otra ve contra la zaga \u201cbohemia\u201d. Es de esperar que lo de ante anoche haya sido consecuencia del buen juego rival y no de sus altibajos. No se les puede esperar otro a\u00f1o m\u00e1s para que \u201cexploten\u201d. La U los necesita ahora.<\/p>\n<p>Gustavo Canales es cuento aparte. A\u00fan no se le ve c\u00f3modo dentro del esquema de Sampaoli. Si bien, en todos los partidos se sacrifica, baja a medio terreno, quita balones y colabora en las labores de creaci\u00f3n, \u00e9l fue contratado para hacer goles y no ha marcado (no contabilizamos los goles desde los doce pasos). Es de esperar que pronto retome el nivel goleador que se le conoci\u00f3 en Uni\u00f3n Espa\u00f1ola. Sobre el partido ante el \u201cChago\u201d declar\u00f3: \u201cLo mejor es que esto no pase. Pero pas\u00f3. Estamos conscientes de que se hablaba de una gran &#8216;U&#8217;, pero nosotros nos mantuvimos al margen de eso\u201d, agregando que tienen mucho que trabajar todav\u00eda.<\/p>\n<p>Los azules est\u00e1n sin bajas y Sampaoli repitir\u00eda la misma formaci\u00f3n que ha venido jugando, con: <strong>Herrera, Rodr\u00edguez, Abarca,\u00a0 Rojas, Mena, Ar\u00e1nguiz, Seymour, Marino, Puch, Canales y Eduardo Vargas.<br \/><\/strong><br \/><strong>El rival de turno<\/strong><\/p>\n<p>Los penquistas vienen de derrotar 3-1 a Deportes Iquique, en el Tierra de Campeones, con goles de Lorenzetti (12\u2019),\u00a0 Mu\u00f1oz (22\u2019) y Ramos (47\u2019). Fue su segunda victoria, luego de haber goleado 5-1 a Colo \u2013 Colo en Santiago, y marchan 10\u00b0 en la tabla de posiciones, con siete unidades.<\/p>\n<p>La otra novedad es que su t\u00e9cnico Jaime Vera dejar\u00eda el club este domingo (el de ma\u00f1ana ser\u00eda su \u00faltimo partido) para desempe\u00f1arse como ayudante t\u00e9cnico el nuevo DT de la Selecci\u00f3n Nacional, Claudio Borgi.<\/p>\n<p>\u201cClaudio Borghi, me solicit\u00f3 para que lo acompa\u00f1ara en este trabajo. No lo quer\u00eda comunicar hasta que \u00e9l no lo dijera y se lo se\u00f1al\u00e9 al Club. Ahora, la gente de la ANFP y del Club est\u00e1n en conversaciones, y s\u00f3lo resta esperar los acontecimientos que sucedan m\u00e1s adelante\u00bb, indic\u00f3 al sitio oficial de la U. de Concepci\u00f3n.<\/p>\n<p>La posible formaci\u00f3n de los penquistas ser\u00eda con: Cristhian Britez, Leonel Mena, Jorge Carrasco, Michael Godoy, Felipe Mu\u00f1oz, Miguel Aceval, Gustavo Lorenzetti, Richard Pellejero, Jos\u00e9 Lu\u00eds Jimenez, Renato Ramos y Pedro Mu\u00f1oz<\/p>\n<p>El compromiso se jugar\u00e1 en el Estadio Municipal de Concepci\u00f3n y ser\u00e1 dirigido por Eduardo Gamboa.<\/p>\n<p><strong>No olvides que puedes seguir el partido en vivo a trav\u00e9s del Rincondelbulla.cl, este domingo desde las 17 horas.<\/strong><\/p>\n<p><span style=\"text-decoration: underline;\"><strong>Venta de entradas<\/strong><\/span><\/p>\n<p>La preventa para este duelo ser\u00e1 en:<\/p>\n<p>-Multitienda Johnson\u00b4s, B. Arana (Mi\u00e9rcoles 23 al S\u00e1bado 26) (11:00 a 19:00 horas)<br \/>-Casa del Deporte U. de C. (Jueves 24 al S\u00e1bado 26) (12:00 a 17:00 horas)<br \/>-Vega Monumental (Horario Oficina)<br \/>-Estadio Municipal (Mi\u00e9rcoles 23 al S\u00e1bado 26) (12:00 a 17:00 horas)<\/p>\n<p>Tambi\u00e9n se comercializar\u00e1n, s\u00f3lo el d\u00eda del partido, en las boleter\u00edas del Estadio Municipal de Concepci\u00f3n, desde las 09:00 Horas.<\/p>\n<p>Descuento Entel: Descuento 50% en el valor total de la entrada para clientes Entel PCS (C\u00f3digo *110*275#), disponible a trav\u00e9s de las boleter\u00edas del Estadio Municipal de Concepci\u00f3n y Casa del Deporte Universidad de Concepci\u00f3n.<\/p>\n<p><strong>Valores de entradas<\/strong><\/p>\n<p>Tribuna: $10.000.- <br \/>Galer\u00eda: $5.000.-<br \/>Ni\u00f1os hasta 1,20 mts. entran gratis.<\/p>\n<p style=\"text-align: justify;\">\u00a0<\/p>\n<p style=\"text-align: justify;\">Estadio Municipal de Concepci\u00f3n<\/p>\n<p style=\"text-align: justify;\">Domingo 27 Febrero<\/p>\n<p style=\"text-align: justify;\">17:00 Horas<\/p>\n","protected":false},"excerpt":{"rendered":"<p>Un duro golpe sufri\u00f3 este jueves el equipo M\u00e1gico, pero hay poco tiempo para lamentaciones. Ma\u00f1ana se viene otro importante duelo por el Torneo de Apertura y los azules esperan retomar la senda del buen juego y del triunfo. La bit\u00e1cora esta vez nos lleva hasta la Octava Regi\u00f3n, donde enfretar\u00e1n a la Universidad de [&#8230;]<\/p>\n","protected":false},"author":55,"featured_media":3938,"comment_status":"open","ping_status":"open","sticky":false,"template":"","format":"standard","meta":{"footnotes":""},"categories":[18],"tags":[48,37],"class_list":{"0":"post-2307","1":"post","2":"type-post","3":"status-publish","4":"format-standard","5":"has-post-thumbnail","7":"category-actualidad","8":"tag-apertura-2011","9":"tag-la-previa"},"_links":{"self":[{"href":"https:\/\/www.rincondelbulla.cl\/portal\/wp-json\/wp\/v2\/posts\/2307","targetHints":{"allow":["GET"]}}],"collection":[{"href":"https:\/\/www.rincondelbulla.cl\/portal\/wp-json\/wp\/v2\/posts"}],"about":[{"href":"https:\/\/www.rincondelbulla.cl\/portal\/wp-json\/wp\/v2\/types\/post"}],"author":[{"embeddable":true,"href":"https:\/\/www.rincondelbulla.cl\/portal\/wp-json\/wp\/v2\/users\/55"}],"replies":[{"embeddable":true,"href":"https:\/\/www.rincondelbulla.cl\/portal\/wp-json\/wp\/v2\/comments?post=2307"}],"version-history":[{"count":0,"href":"https:\/\/www.rincondelbulla.cl\/portal\/wp-json\/wp\/v2\/posts\/2307\/revisions"}],"wp:featuredmedia":[{"embeddable":true,"href":"https:\/\/www.rincondelbulla.cl\/portal\/wp-json\/wp\/v2\/media\/3938"}],"wp:attachment":[{"href":"https:\/\/www.rincondelbulla.cl\/portal\/wp-json\/wp\/v2\/media?parent=2307"}],"wp:term":[{"taxonomy":"category","embeddable":true,"href":"https:\/\/www.rincondelbulla.cl\/portal\/wp-json\/wp\/v2\/categories?post=2307"},{"taxonomy":"post_tag","embeddable":true,"href":"https:\/\/www.rincondelbulla.cl\/portal\/wp-json\/wp\/v2\/tags?post=2307"}],"curies":[{"name":"wp","href":"https:\/\/api.w.org\/{rel}","templated":true}]}}