{"id":2316,"date":"2011-03-08T18:26:04","date_gmt":"2011-03-08T18:26:04","guid":{"rendered":"http:\/\/www.rincondelbulla.cl\/portal\/?p=2316"},"modified":"2011-03-08T18:26:04","modified_gmt":"2011-03-08T18:26:04","slug":"sampaoli-elige-a-acevedo-para-reemplazar-a-rojas","status":"publish","type":"post","link":"https:\/\/www.rincondelbulla.cl\/portal\/2011\/03\/08\/sampaoli-elige-a-acevedo-para-reemplazar-a-rojas\/","title":{"rendered":"Sampaoli elige a Acevedo para reemplazar a Rojas"},"content":{"rendered":"<figure id=\"attachment_3947\" aria-describedby=\"caption-attachment-3947\" style=\"width: 600px\" class=\"wp-caption alignnone\"><img loading=\"lazy\" decoding=\"async\" class=\" size-full wp-image-3947\" src=\"http:\/\/www.rincondelbulla.cl\/portal\/wp-content\/uploads\/2011\/03\/bc1c2b38c0b0ab6abc320fbd0fa2f6a3.jpg\" alt=\"Foto: Osvaldo Villarroel\" class=\"caption\" title=\"Fuente: Prensafutbol.cl\" width=\"600\" height=\"340\" srcset=\"https:\/\/www.rincondelbulla.cl\/portal\/wp-content\/uploads\/2011\/03\/bc1c2b38c0b0ab6abc320fbd0fa2f6a3.jpg 600w, https:\/\/www.rincondelbulla.cl\/portal\/wp-content\/uploads\/2011\/03\/bc1c2b38c0b0ab6abc320fbd0fa2f6a3-300x170.jpg 300w\" sizes=\"auto, (max-width: 600px) 100vw, 600px\" \/><figcaption id=\"caption-attachment-3947\" class=\"wp-caption-text\">Fuente: Prensafutbol.cl<\/figcaption><\/figure>\n<p><strong>El ex O&#8217;Higgins de Rancagua tendr\u00eda su estreno en partidos oficiales por Universidad de Chile este s\u00e1bado ente Cobresal, ocupando la plaza que dej\u00f3 vacante &#8216;Pepe&#8217;, que fue expulsado ante San Felipe. &#8216;Lobo del Aire&#8217; deber\u00e1 seguir esperando su opci\u00f3n en la banca.<\/strong>  <!--more-->  Jorge Sampaoli va dejando claro sus preferencias: este esquema ser\u00e1 el permanente en Universidad de Chile, pese a los problemas de espacios que encontr\u00f3 ante San Felipe y Santiago Morning, no sacar\u00e1 un delantero para sumar gente en la mitad y la primera alternativa de cambio en la defensa es Albert Acevedo.<\/p>\n<p>El central, con pasado en las divisiones menores de Uni\u00f3n Espa\u00f1ola, Universidad Cat\u00f3lica y O&#8217;Higgins, ser\u00eda el escogido para reemplazar a Jos\u00e9 Rojas, expulsado ante Uni\u00f3n San Felipe por doble cartulina amarilla. Acevedo har\u00eda su estreno oficial por la &#8216;U&#8217;, despu\u00e9s de s\u00f3lo actuar en partidos amistosos y de pretemporada.<\/p>\n<p>El gran damnificado ser\u00eda Marco Gonz\u00e1lez. El ex UC, reci\u00e9n llegado al cuadro laico, ser\u00eda nuevamente suplente, algo que no complica al defensor, ya que asume que \u00abhay compa\u00f1eros que vienen trabajando m\u00e1s tiempo con el cuerpo t\u00e9cnico\u00bb.<\/p>\n<p>\u00abNo estoy impaciente por ser titular y hay compa\u00f1eros que trabajan de la misma forma para jugar. S\u00f3lo queda enfocarme en entrenar duro\u00bb, se\u00f1al\u00f3 &#8216;Lobo del Aire&#8217;, que apunt\u00f3 que deben revertir el mal partido ante el &#8216;Uni-Uni&#8217; -derrota por 2-0 en el Estadio Nacional \u00abs\u00f3lo con trabajo\u00bb.<\/p>\n<p>Ante la ausencia de Jos\u00e9 Rojas, capit\u00e1n de la &#8216;U&#8217;, la jineta la tomar\u00e1 Jhonny Herrera, que despu\u00e9s de su regreso asumir\u00e1 esa condici\u00f3n por primera vez, algo que ya vivi\u00f3 el 2004 cuando fue campe\u00f3n con Universidad de Chile.<\/p>\n<p>\u00a0<\/p>\n","protected":false},"excerpt":{"rendered":"<p>El ex O&#8217;Higgins de Rancagua tendr\u00eda su estreno en partidos oficiales por Universidad de Chile este s\u00e1bado ente Cobresal, ocupando la plaza que dej\u00f3 vacante &#8216;Pepe&#8217;, que fue expulsado ante San Felipe. &#8216;Lobo del Aire&#8217; deber\u00e1 seguir esperando su opci\u00f3n en la banca.<\/p>\n","protected":false},"author":1,"featured_media":3947,"comment_status":"open","ping_status":"open","sticky":false,"template":"","format":"standard","meta":{"footnotes":""},"categories":[18],"tags":[49,48],"class_list":{"0":"post-2316","1":"post","2":"type-post","3":"status-publish","4":"format-standard","5":"has-post-thumbnail","7":"category-actualidad","8":"tag-albert-acevedo","9":"tag-apertura-2011"},"_links":{"self":[{"href":"https:\/\/www.rincondelbulla.cl\/portal\/wp-json\/wp\/v2\/posts\/2316","targetHints":{"allow":["GET"]}}],"collection":[{"href":"https:\/\/www.rincondelbulla.cl\/portal\/wp-json\/wp\/v2\/posts"}],"about":[{"href":"https:\/\/www.rincondelbulla.cl\/portal\/wp-json\/wp\/v2\/types\/post"}],"author":[{"embeddable":true,"href":"https:\/\/www.rincondelbulla.cl\/portal\/wp-json\/wp\/v2\/users\/1"}],"replies":[{"embeddable":true,"href":"https:\/\/www.rincondelbulla.cl\/portal\/wp-json\/wp\/v2\/comments?post=2316"}],"version-history":[{"count":0,"href":"https:\/\/www.rincondelbulla.cl\/portal\/wp-json\/wp\/v2\/posts\/2316\/revisions"}],"wp:featuredmedia":[{"embeddable":true,"href":"https:\/\/www.rincondelbulla.cl\/portal\/wp-json\/wp\/v2\/media\/3947"}],"wp:attachment":[{"href":"https:\/\/www.rincondelbulla.cl\/portal\/wp-json\/wp\/v2\/media?parent=2316"}],"wp:term":[{"taxonomy":"category","embeddable":true,"href":"https:\/\/www.rincondelbulla.cl\/portal\/wp-json\/wp\/v2\/categories?post=2316"},{"taxonomy":"post_tag","embeddable":true,"href":"https:\/\/www.rincondelbulla.cl\/portal\/wp-json\/wp\/v2\/tags?post=2316"}],"curies":[{"name":"wp","href":"https:\/\/api.w.org\/{rel}","templated":true}]}}