{"id":2321,"date":"2011-03-12T16:01:35","date_gmt":"2011-03-12T16:01:35","guid":{"rendered":"http:\/\/www.rincondelbulla.cl\/portal\/?p=2321"},"modified":"2011-03-12T16:01:35","modified_gmt":"2011-03-12T16:01:35","slug":"cobresal-y-la-u-no-se-jugara-por-falta-de-carabineros","status":"publish","type":"post","link":"https:\/\/www.rincondelbulla.cl\/portal\/2011\/03\/12\/cobresal-y-la-u-no-se-jugara-por-falta-de-carabineros\/","title":{"rendered":"Duelo de Cobresal y la &#8216;U&#8217; no se jugar\u00e1 por falta de Carabineros"},"content":{"rendered":"<figure id=\"attachment_3952\" aria-describedby=\"caption-attachment-3952\" style=\"width: 600px\" class=\"wp-caption alignnone\"><img loading=\"lazy\" decoding=\"async\" class=\" size-full wp-image-3952\" src=\"http:\/\/www.rincondelbulla.cl\/portal\/wp-content\/uploads\/2011\/03\/34113e3f628205700ec9cc550290558b.jpg\" alt=\"Foto: Claudio C\u00e1ceres\" class=\"caption\" title=\"Fuente: Prensafutbol.cl\" width=\"600\" height=\"340\" srcset=\"https:\/\/www.rincondelbulla.cl\/portal\/wp-content\/uploads\/2011\/03\/34113e3f628205700ec9cc550290558b.jpg 600w, https:\/\/www.rincondelbulla.cl\/portal\/wp-content\/uploads\/2011\/03\/34113e3f628205700ec9cc550290558b-300x170.jpg 300w\" sizes=\"auto, (max-width: 600px) 100vw, 600px\" \/><figcaption id=\"caption-attachment-3952\" class=\"wp-caption-text\">Fuente: Prensafutbol.cl<\/figcaption><\/figure>\n<p><strong>La falta de contingencia policial en El Salvador, por la alerta de tsunami que existe en Caldera\u00a0 provoc\u00f3 que las autoridades suspendieran el encuentro de la octava fecha, y se jugar\u00e1 finalmente el 26 de marzo. Tambi\u00e9n hubo cambios en duelos de la Primera B.<\/strong><br \/>El cr\u00edtico d\u00eda que se vivi\u00f3 ayer viernes por el terremoto y tsunami en Jap\u00f3n, que provoc\u00f3 una alerta en toda la zona costera de Chile, tambi\u00e9n afect\u00f3 el f\u00fatbol de fin de semana, destacando el duelo de Cobresal y Universidad de Chile que tuvo que ser suspendido.<\/p>\n<p>Seg\u00fan determinaron las autoridades de El Salvador, el encuentro que deb\u00eda disputarse a las 15:30 en el Cobre por la octava fecha del torneo de Apertura no podr\u00e1 disputarse debido a la falta de contingencia policial, que se encuentra en Caldera que es una zona que a\u00fan est\u00e1 en alerta de tsunami.<\/p>\n<p>De esta manera el encuentro se disputar\u00e1 el s\u00e1bado 26 de marzo, fin de semana donde jugar\u00e1 la Selecci\u00f3n ante Portugal, y donde tambi\u00e9n se disputar\u00e1 el duelo pendiente entre Colo Colo y Huachipato.<\/p>\n<p>El otro duelo de Primera A que fue cambiado es el de Iquique con Wanderers, programado para las 22:00, y se disputar\u00e1 el domingo a las 17:00.<\/p>\n<p>En Primera B tambi\u00e9n hay consecuencias ya que Coquimbo-Everton, que se jugar\u00eda a las 17:00, fue postergado para el domingo a las 12:00, mientras que el encuentro entre Copiap\u00f3 y San Luis ser\u00e1 a la misma hora.<\/p>\n<p>\u00a0<\/p>\n","protected":false},"excerpt":{"rendered":"<p>La falta de contingencia policial en El Salvador, por la alerta de tsunami que existe en Caldera\u00a0 provoc\u00f3 que las autoridades suspendieran el encuentro de la octava fecha, y se jugar\u00e1 finalmente el 26 de marzo. Tambi\u00e9n hubo cambios en duelos de la Primera B.El cr\u00edtico d\u00eda que se vivi\u00f3 ayer viernes por el terremoto [&#8230;]<\/p>\n","protected":false},"author":1,"featured_media":3952,"comment_status":"open","ping_status":"open","sticky":false,"template":"","format":"standard","meta":{"footnotes":""},"categories":[18],"tags":[48],"class_list":{"0":"post-2321","1":"post","2":"type-post","3":"status-publish","4":"format-standard","5":"has-post-thumbnail","7":"category-actualidad","8":"tag-apertura-2011"},"_links":{"self":[{"href":"https:\/\/www.rincondelbulla.cl\/portal\/wp-json\/wp\/v2\/posts\/2321","targetHints":{"allow":["GET"]}}],"collection":[{"href":"https:\/\/www.rincondelbulla.cl\/portal\/wp-json\/wp\/v2\/posts"}],"about":[{"href":"https:\/\/www.rincondelbulla.cl\/portal\/wp-json\/wp\/v2\/types\/post"}],"author":[{"embeddable":true,"href":"https:\/\/www.rincondelbulla.cl\/portal\/wp-json\/wp\/v2\/users\/1"}],"replies":[{"embeddable":true,"href":"https:\/\/www.rincondelbulla.cl\/portal\/wp-json\/wp\/v2\/comments?post=2321"}],"version-history":[{"count":0,"href":"https:\/\/www.rincondelbulla.cl\/portal\/wp-json\/wp\/v2\/posts\/2321\/revisions"}],"wp:featuredmedia":[{"embeddable":true,"href":"https:\/\/www.rincondelbulla.cl\/portal\/wp-json\/wp\/v2\/media\/3952"}],"wp:attachment":[{"href":"https:\/\/www.rincondelbulla.cl\/portal\/wp-json\/wp\/v2\/media?parent=2321"}],"wp:term":[{"taxonomy":"category","embeddable":true,"href":"https:\/\/www.rincondelbulla.cl\/portal\/wp-json\/wp\/v2\/categories?post=2321"},{"taxonomy":"post_tag","embeddable":true,"href":"https:\/\/www.rincondelbulla.cl\/portal\/wp-json\/wp\/v2\/tags?post=2321"}],"curies":[{"name":"wp","href":"https:\/\/api.w.org\/{rel}","templated":true}]}}