{"id":2322,"date":"2011-03-12T20:30:11","date_gmt":"2011-03-12T20:30:11","guid":{"rendered":"http:\/\/www.rincondelbulla.cl\/portal\/?p=2322"},"modified":"2011-03-12T20:30:11","modified_gmt":"2011-03-12T20:30:11","slug":"sampaoli-y-la-suspension-nos-debieron-avisar-antes","status":"publish","type":"post","link":"https:\/\/www.rincondelbulla.cl\/portal\/2011\/03\/12\/sampaoli-y-la-suspension-nos-debieron-avisar-antes\/","title":{"rendered":"Sampaoli y la suspensi\u00f3n: \u00abNos debieron avisar antes\u00bb"},"content":{"rendered":"<figure id=\"attachment_3953\" aria-describedby=\"caption-attachment-3953\" style=\"width: 600px\" class=\"wp-caption alignnone\"><img loading=\"lazy\" decoding=\"async\" class=\" size-full wp-image-3953\" src=\"http:\/\/www.rincondelbulla.cl\/portal\/wp-content\/uploads\/2011\/03\/5c27a90b3ac4e2635a4bb0e6d14f86ff.jpg\" alt=\"Foto: Javier Vald\u00e9s\" class=\"caption\" title=\"Fuente: Prensafutbol.cl\" width=\"600\" height=\"340\" srcset=\"https:\/\/www.rincondelbulla.cl\/portal\/wp-content\/uploads\/2011\/03\/5c27a90b3ac4e2635a4bb0e6d14f86ff.jpg 600w, https:\/\/www.rincondelbulla.cl\/portal\/wp-content\/uploads\/2011\/03\/5c27a90b3ac4e2635a4bb0e6d14f86ff-300x170.jpg 300w\" sizes=\"auto, (max-width: 600px) 100vw, 600px\" \/><figcaption id=\"caption-attachment-3953\" class=\"wp-caption-text\">Fuente: Prensafutbol.cl<\/figcaption><\/figure>\n<p><strong>El t\u00e9cnico de la &#8216;U&#8217; se mostr\u00f3 molesto por el aplazamiento del duelo en el que iban a visitar a Cobresal. \u00abEs un desorden\u00bb, dijo, pese a que la decisi\u00f3n fue por la falta de polic\u00edas a causa de que en ciertas zonas se mantuvo la alerta de tsunami por el terremoto en Jap\u00f3n.<\/strong>  <!--more-->  La decisi\u00f3n de suspender el partido de Universidad de Chile ante Cobresal por la falta de contingente policial en El Salvador, debido a que Carabineros de la Regi\u00f3n de Atacama estaban en las zonas costeras, donde se mantuvo la alerta de tsunami, no cay\u00f3 nada bien en el entrenador de los azules, Jorge Sampaoli. El argentino se quej\u00f3 de la falta de anticipaci\u00f3n para aplazar el cotejo.<\/p>\n<p>\u00abMe sorprende la suspensi\u00f3n, pero es algo que no pasa por decisiones nuestras. Es un desorden que perjudica el trabajo. Se tendr\u00eda que haber avisado antes y nosotros no tendr\u00edamos que haber viajado\u00bb, expres\u00f3 el ex director t\u00e9cnico de O\u2019Higgins a radio ADN.<\/p>\n<p>Por su parte, el Gerente deportivo de la &#8216;U&#8217;, Sabino Aguad, tom\u00f3 de mejor manera la medida. \u00abEntendemos la decisi\u00f3n. Hicimos las gestiones para que se jugara, pero es una emergencia y tenemos que tomarla como tal\u00bb, asegur\u00f3 el dirigente.<\/p>\n<p>En la vereda de enfrente, el t\u00e9cnico de Cobresal, Luis Musrri, tambi\u00e9n acept\u00f3 la decisi\u00f3n con naturalidad. \u00abEs entendible en el caso de lo que ha pasado. Son cosas que hay aceptar. A nosotros nos da lo mismo que el partido se aplace, estamos preparados para jugar cuando sea\u00bb, cont\u00f3 el ex volante central de Universidad de Chile.<\/p>\n<p>Finalmente, y contrario a lo que se pensaba, la &#8216;U&#8217; regres\u00f3 a trabajar en el Centro Deportivo Azul para no perder el ritmo de entrenamiento.<\/p>\n","protected":false},"excerpt":{"rendered":"<p>El t\u00e9cnico de la &#8216;U&#8217; se mostr\u00f3 molesto por el aplazamiento del duelo en el que iban a visitar a Cobresal. \u00abEs un desorden\u00bb, dijo, pese a que la decisi\u00f3n fue por la falta de polic\u00edas a causa de que en ciertas zonas se mantuvo la alerta de tsunami por el terremoto en Jap\u00f3n.<\/p>\n","protected":false},"author":1,"featured_media":3953,"comment_status":"open","ping_status":"open","sticky":false,"template":"","format":"standard","meta":{"footnotes":""},"categories":[18],"tags":[48,40],"class_list":{"0":"post-2322","1":"post","2":"type-post","3":"status-publish","4":"format-standard","5":"has-post-thumbnail","7":"category-actualidad","8":"tag-apertura-2011","9":"tag-jorge-sampaoli"},"_links":{"self":[{"href":"https:\/\/www.rincondelbulla.cl\/portal\/wp-json\/wp\/v2\/posts\/2322","targetHints":{"allow":["GET"]}}],"collection":[{"href":"https:\/\/www.rincondelbulla.cl\/portal\/wp-json\/wp\/v2\/posts"}],"about":[{"href":"https:\/\/www.rincondelbulla.cl\/portal\/wp-json\/wp\/v2\/types\/post"}],"author":[{"embeddable":true,"href":"https:\/\/www.rincondelbulla.cl\/portal\/wp-json\/wp\/v2\/users\/1"}],"replies":[{"embeddable":true,"href":"https:\/\/www.rincondelbulla.cl\/portal\/wp-json\/wp\/v2\/comments?post=2322"}],"version-history":[{"count":0,"href":"https:\/\/www.rincondelbulla.cl\/portal\/wp-json\/wp\/v2\/posts\/2322\/revisions"}],"wp:featuredmedia":[{"embeddable":true,"href":"https:\/\/www.rincondelbulla.cl\/portal\/wp-json\/wp\/v2\/media\/3953"}],"wp:attachment":[{"href":"https:\/\/www.rincondelbulla.cl\/portal\/wp-json\/wp\/v2\/media?parent=2322"}],"wp:term":[{"taxonomy":"category","embeddable":true,"href":"https:\/\/www.rincondelbulla.cl\/portal\/wp-json\/wp\/v2\/categories?post=2322"},{"taxonomy":"post_tag","embeddable":true,"href":"https:\/\/www.rincondelbulla.cl\/portal\/wp-json\/wp\/v2\/tags?post=2322"}],"curies":[{"name":"wp","href":"https:\/\/api.w.org\/{rel}","templated":true}]}}