{"id":2324,"date":"2011-03-14T18:55:25","date_gmt":"2011-03-14T18:55:25","guid":{"rendered":"http:\/\/www.rincondelbulla.cl\/portal\/?p=2324"},"modified":"2011-03-14T18:55:25","modified_gmt":"2011-03-14T18:55:25","slug":"capitan-de-la-u-critica-a-gallego-la-idea-es-no-olvidarse-de-jugar-futbol","status":"publish","type":"post","link":"https:\/\/www.rincondelbulla.cl\/portal\/2011\/03\/14\/capitan-de-la-u-critica-a-gallego-la-idea-es-no-olvidarse-de-jugar-futbol\/","title":{"rendered":"Capit\u00e1n de la U critica a Gallego: \u00abLa idea es no olvidarse de jugar f\u00fatbol\u00bb"},"content":{"rendered":"<figure id=\"attachment_3955\" aria-describedby=\"caption-attachment-3955\" style=\"width: 600px\" class=\"wp-caption alignnone\"><img loading=\"lazy\" decoding=\"async\" class=\" size-full wp-image-3955\" src=\"http:\/\/www.rincondelbulla.cl\/portal\/wp-content\/uploads\/2011\/03\/125988415c937d746225836d7c6a64ea.jpg\" alt=\"Foto: Claudio C\u00e1ceres\" class=\"caption\" title=\"Fuente: Emol.com\" width=\"600\" height=\"340\" srcset=\"https:\/\/www.rincondelbulla.cl\/portal\/wp-content\/uploads\/2011\/03\/125988415c937d746225836d7c6a64ea.jpg 600w, https:\/\/www.rincondelbulla.cl\/portal\/wp-content\/uploads\/2011\/03\/125988415c937d746225836d7c6a64ea-300x170.jpg 300w\" sizes=\"auto, (max-width: 600px) 100vw, 600px\" \/><figcaption id=\"caption-attachment-3955\" class=\"wp-caption-text\">Fuente: Emol.com<\/figcaption><\/figure>\n<p><strong>Jos\u00e9 Rojas cree que el sistema defensivo de Colo Colo no es lo ideal: \u00abLo principal es jugar bonito y ganar la Copa a mitad de a\u00f1o\u00bb.<\/strong>  <!--more-->  Polos totalmente opuestos son los que partido a partido demuestran Universidad de Chile y Colo Colo. Mientras los azules van y van al ataque (incluso de manera desequilibrada), los albos se preocupan de mantener la m\u00ednima diferencia obtenida a como de lugar. El estilo de Jorge Sampaoli vs el de Am\u00e9rico Rub\u00e9n Gallego.<\/p>\n<p>Precisamente sobre eso habl\u00f3 el capit\u00e1n de la U, Jos\u00e9 Rojas, quien critic\u00f3 duramente la forma en la que juega sus archirrival desde que el \u00abTolo\u00bb est\u00e1 sentado en la banca.<\/p>\n<p>\u00abLo principal es jugar bonito y ganar la Copa a mitad de a\u00f1o. No sirve hacerlo como el Real Madrid y no levantar la Copa como el Barcelona\u00bb, dijo en conferencia de prensa.<\/p>\n<p>\u201cLa idea es no olvidarse del f\u00fatbol. Cuando est\u00e1s sacando resultados te agarra cualquier equipo y complica\u00bb, agreg\u00f3 el defensor.<\/p>\n<p>A pesar de eso, Rojas cree que Gallego no modificar\u00e1 su estilo de juego: \u00abSi ha jugado toda la vida as\u00ed no creo que vaya a cambiar. Puede ser que se parezca a Pelusso. Ha obtenido resultados, pero hasta ahora no levanta la Copa\u00bb.<\/p>\n<p>Rojas tambi\u00e9n se refiri\u00f3 a su buen momento en el elenco laico, que podr\u00eda catapultarlo a alguna citaci\u00f3n en la selecci\u00f3n chilena de Claudio Borghi.<\/p>\n<p>\u00abSiempre he dicho que estar es un honor. \u00bfSi me ilusiono? Obvio, m\u00e1s ahora que todos quieren estar en la n\u00f3mina de la Copa Am\u00e9rica. Mi fuerte es la marca. Me acomoda y creo que lo he hecho bien hasta ahora en la U. Eso puede dar margen para que Borghi hable bien de m\u00ed\u00bb, dijo.<\/p>\n","protected":false},"excerpt":{"rendered":"<p>Jos\u00e9 Rojas cree que el sistema defensivo de Colo Colo no es lo ideal: \u00abLo principal es jugar bonito y ganar la Copa a mitad de a\u00f1o\u00bb.<\/p>\n","protected":false},"author":1,"featured_media":3955,"comment_status":"open","ping_status":"open","sticky":false,"template":"","format":"standard","meta":{"footnotes":""},"categories":[18],"tags":[48,51],"class_list":{"0":"post-2324","1":"post","2":"type-post","3":"status-publish","4":"format-standard","5":"has-post-thumbnail","7":"category-actualidad","8":"tag-apertura-2011","9":"tag-jose-rojas"},"_links":{"self":[{"href":"https:\/\/www.rincondelbulla.cl\/portal\/wp-json\/wp\/v2\/posts\/2324","targetHints":{"allow":["GET"]}}],"collection":[{"href":"https:\/\/www.rincondelbulla.cl\/portal\/wp-json\/wp\/v2\/posts"}],"about":[{"href":"https:\/\/www.rincondelbulla.cl\/portal\/wp-json\/wp\/v2\/types\/post"}],"author":[{"embeddable":true,"href":"https:\/\/www.rincondelbulla.cl\/portal\/wp-json\/wp\/v2\/users\/1"}],"replies":[{"embeddable":true,"href":"https:\/\/www.rincondelbulla.cl\/portal\/wp-json\/wp\/v2\/comments?post=2324"}],"version-history":[{"count":0,"href":"https:\/\/www.rincondelbulla.cl\/portal\/wp-json\/wp\/v2\/posts\/2324\/revisions"}],"wp:featuredmedia":[{"embeddable":true,"href":"https:\/\/www.rincondelbulla.cl\/portal\/wp-json\/wp\/v2\/media\/3955"}],"wp:attachment":[{"href":"https:\/\/www.rincondelbulla.cl\/portal\/wp-json\/wp\/v2\/media?parent=2324"}],"wp:term":[{"taxonomy":"category","embeddable":true,"href":"https:\/\/www.rincondelbulla.cl\/portal\/wp-json\/wp\/v2\/categories?post=2324"},{"taxonomy":"post_tag","embeddable":true,"href":"https:\/\/www.rincondelbulla.cl\/portal\/wp-json\/wp\/v2\/tags?post=2324"}],"curies":[{"name":"wp","href":"https:\/\/api.w.org\/{rel}","templated":true}]}}