{"id":2325,"date":"2011-03-14T19:05:58","date_gmt":"2011-03-14T19:05:58","guid":{"rendered":"http:\/\/www.rincondelbulla.cl\/portal\/?p=2325"},"modified":"2011-03-14T19:05:58","modified_gmt":"2011-03-14T19:05:58","slug":"el-ambicioso-plan-de-la-u-que-apuesta-al-2015","status":"publish","type":"post","link":"https:\/\/www.rincondelbulla.cl\/portal\/2011\/03\/14\/el-ambicioso-plan-de-la-u-que-apuesta-al-2015\/","title":{"rendered":"El ambicioso plan de la \u00abU\u00bb que apuesta al 2015"},"content":{"rendered":"<figure id=\"attachment_3956\" aria-describedby=\"caption-attachment-3956\" style=\"width: 600px\" class=\"wp-caption alignnone\"><img loading=\"lazy\" decoding=\"async\" class=\" size-full wp-image-3956\" src=\"http:\/\/www.rincondelbulla.cl\/portal\/wp-content\/uploads\/2011\/03\/d1f5e54e0b476bc0b5514643f4c54588.jpg\" alt=\"Foto: Photosport\" class=\"caption\" title=\"Fuente: La Tercera\" width=\"600\" height=\"340\" srcset=\"https:\/\/www.rincondelbulla.cl\/portal\/wp-content\/uploads\/2011\/03\/d1f5e54e0b476bc0b5514643f4c54588.jpg 600w, https:\/\/www.rincondelbulla.cl\/portal\/wp-content\/uploads\/2011\/03\/d1f5e54e0b476bc0b5514643f4c54588-300x170.jpg 300w\" sizes=\"auto, (max-width: 600px) 100vw, 600px\" \/><figcaption id=\"caption-attachment-3956\" class=\"wp-caption-text\">Fuente: La Tercera<\/figcaption><\/figure>\n<p><strong>Casi US$ 2 millones al a\u00f1o destinar\u00e1 al f\u00fatbol joven en un proyecto in\u00e9dito para el balompi\u00e9 chileno. <\/strong>  <!--more-->  No s\u00f3lo el primer equipo de la \u00abU\u00bb o el presente de la ANFP son los asuntos que copan la agenda de Azul Azul. Hoy, la concesionaria trabaja a fondo implementando el \u00abModelo de desarrollo azul\u00bb, el ambicioso proyecto del club que apuesta al f\u00fatbol joven, en un plan in\u00e9dito para el medio chileno, al que se destinar\u00e1 casi US$ 2 millones al a\u00f1o.<\/p>\n<p>\u00abEste es un proyecto independiente respecto del primer equipo; con infraestructura, personal f\u00edsico-t\u00e9cnico y veedores aut\u00f3nomos al equipo de honor. La idea es darles a todas las series menores un soporte de 360 grados, sicol\u00f3gico y social, adem\u00e1s del t\u00e9cnico. Es una alt\u00edsima inversi\u00f3n, pensada para 400 ni\u00f1os, entre hombres y mujeres\u00bb, comienza diciendo Cristian Aubert, gerente general del club.<\/p>\n<p>Dicho plan contempla resultados que ya tienen plazos. \u00abLa diferencia con lo que hoy hace Colo Colo es que este plan tiene plazos concretos. Cabalmente (el plan) se est\u00e1 desarrollando desde septiembre de 2010 y su evoluci\u00f3n debe arrojar resultados concretos en cinco a\u00f1os m\u00e1s, en el 2015\u00bb, a\u00f1ade, para se\u00f1alar que \u00abconversamos con los grandes equipos del mundo, como Manchester United, Paris Saint Germain, Barcelona o el Am\u00e9rica de M\u00e9xico. El gerente del f\u00fatbol joven ha recorrido 15 clubes de primera l\u00ednea mundial y, tras incorporar los mejores par\u00e1metros de trabajo, debi\u00e9semos estar en condiciones, al igual que esos clubes, que de un grupo de 20 a 25 jugadores (pensando en la Sub 18), dos o tres lleguen al primer equipo. Con este plan confiamos en tener m\u00e1s j\u00f3venes como Felipe Gallegos, en un plazo de cinco a\u00f1os\u00bb.<br \/><strong><br \/>Negocio mundial y en Chile<\/strong><\/p>\n<p>Con lo anterior conf\u00edan en que en el Mundial Sub 17 que organizar\u00e1 Chile en 2015, la \u00abU\u00bb sea la base de esa Selecci\u00f3n, lo que allanar\u00e1 negocios de ventas y la incorporaci\u00f3n de sus figuras de ese representativo al primer equipo.<\/p>\n<p>El proyecto incluye viajes para sumar a infantiles extranjeros: \u00abVemos jugadores en Uruguay, Paraguay, Brasil o Bolivia, permanentemente, mientras que nosotros recibimos visitas de encargados de los principales equipos del mundo. Ac\u00e1 ya estuvo el gerente del f\u00fatbol joven, a nivel mundial, del Manchester United\u00bb, dice Aubert.<\/p>\n<p><strong>Se \u00abasocian\u00bb con Manchester<\/strong><\/p>\n<p>Hoy una de sus promesas, Angelo Henr\u00edquez, viaja peri\u00f3dicamente a Brasil o Inglaterra para entrenar con los cadetes del Manchester U., en el seguimiento que le hacen los ingleses. \u00abEste plan de trabajo, con visitas y estudios en terreno, permite que clubes de nivel internacional sigan a nuestros jugadores. Pasa con Henr\u00edquez y debiese repetirse con un par m\u00e1s\u00bb, confiesa Aubert.<\/p>\n<p>El plan suma un patr\u00f3n: inculcarles una idea ofensiva y un ritmo permanente, habitual en las ligas inglesa o espa\u00f1ola. \u00abPor lo mismo, trajimos a Juan Guti\u00e9rrez, el mejor DT chileno del f\u00fatbol joven\u00bb, acota el gerente. Ya incorporaron al PF Gonzalo Fellay, que trabaj\u00f3 con Marcelo Bielsa, y ahora est\u00e1 a cargo de la Sub 17 azul, y a Francisco Meneghini (\u00abPaqui\u00bb), el \u00abesp\u00eda\u00bb del \u00abLoco\u00bb, quien tambi\u00e9n trabajar\u00e1 buscando j\u00f3venes talentos.<br \/><span style=\"text-decoration: underline;\"><strong><br \/>Piden jugar en abril para contar con seleccionados<\/strong><\/span><\/p>\n<p>La suspensi\u00f3n del partido de la \u00abU\u00bb ante Cobresal, en El Salvador, provoc\u00f3 la molestia del t\u00e9cnico azul Jorge Sampaoli. \u00abEsto perjudica todo, es un desorden\u00bb se quej\u00f3 el DT apenas supo de la medida.<\/p>\n<p>Sin embargo, la suspensi\u00f3n tambi\u00e9n trastoc\u00f3 los planes del club, pensando en que la reprogramaci\u00f3n del duelo podr\u00eda quedar para la fecha FIFA del 26 de marzo, cuando la \u00abRoja\u00bb juegue el amistoso contra Portugal en Leiria.<\/p>\n<p>Lo anterior podr\u00eda hacer perder a Sampaoli a un par de seleccionados, pensando en la n\u00f3mina con jugadores locales de Claudio Borghi.<\/p>\n<p>La Selecci\u00f3n viaja el 20 de marzo y en la \u00abU\u00bb ya tienen claro lo que har\u00e1n para contar con sus nominados. \u00abLo m\u00e1s justo, para nuestros jugadores y el club, es que se juegue con Cobresal a mitad de semana de la primera o segunda semana de abril. Jugar el 26 de marzo nos privar\u00eda de nuestros nominados y la idea es contar con ellos para este partido, lo que permitir\u00e1 tambi\u00e9n que ellos est\u00e9n con la Selecci\u00f3n, porque no queremos perjudicarlos\u00bb, anticiparon en la concesionaria.<\/p>\n<p>La cercan\u00eda que hoy Azul Azul mantiene con las autoridades de Quil\u00edn es un punto que puede allanar el deseo de la c\u00fapula universitaria.<\/p>\n","protected":false},"excerpt":{"rendered":"<p>Casi US$ 2 millones al a\u00f1o destinar\u00e1 al f\u00fatbol joven en un proyecto in\u00e9dito para el balompi\u00e9 chileno.<\/p>\n","protected":false},"author":1,"featured_media":3956,"comment_status":"open","ping_status":"open","sticky":false,"template":"","format":"standard","meta":{"footnotes":""},"categories":[18],"tags":[],"class_list":{"0":"post-2325","1":"post","2":"type-post","3":"status-publish","4":"format-standard","5":"has-post-thumbnail","7":"category-actualidad"},"_links":{"self":[{"href":"https:\/\/www.rincondelbulla.cl\/portal\/wp-json\/wp\/v2\/posts\/2325","targetHints":{"allow":["GET"]}}],"collection":[{"href":"https:\/\/www.rincondelbulla.cl\/portal\/wp-json\/wp\/v2\/posts"}],"about":[{"href":"https:\/\/www.rincondelbulla.cl\/portal\/wp-json\/wp\/v2\/types\/post"}],"author":[{"embeddable":true,"href":"https:\/\/www.rincondelbulla.cl\/portal\/wp-json\/wp\/v2\/users\/1"}],"replies":[{"embeddable":true,"href":"https:\/\/www.rincondelbulla.cl\/portal\/wp-json\/wp\/v2\/comments?post=2325"}],"version-history":[{"count":0,"href":"https:\/\/www.rincondelbulla.cl\/portal\/wp-json\/wp\/v2\/posts\/2325\/revisions"}],"wp:featuredmedia":[{"embeddable":true,"href":"https:\/\/www.rincondelbulla.cl\/portal\/wp-json\/wp\/v2\/media\/3956"}],"wp:attachment":[{"href":"https:\/\/www.rincondelbulla.cl\/portal\/wp-json\/wp\/v2\/media?parent=2325"}],"wp:term":[{"taxonomy":"category","embeddable":true,"href":"https:\/\/www.rincondelbulla.cl\/portal\/wp-json\/wp\/v2\/categories?post=2325"},{"taxonomy":"post_tag","embeddable":true,"href":"https:\/\/www.rincondelbulla.cl\/portal\/wp-json\/wp\/v2\/tags?post=2325"}],"curies":[{"name":"wp","href":"https:\/\/api.w.org\/{rel}","templated":true}]}}