{"id":2327,"date":"2011-03-15T19:37:14","date_gmt":"2011-03-15T19:37:14","guid":{"rendered":"http:\/\/www.rincondelbulla.cl\/portal\/?p=2327"},"modified":"2011-03-15T19:37:14","modified_gmt":"2011-03-15T19:37:14","slug":"rivarola-defensor-el-tolo-debe-informarse-un-poco","status":"publish","type":"post","link":"https:\/\/www.rincondelbulla.cl\/portal\/2011\/03\/15\/rivarola-defensor-el-tolo-debe-informarse-un-poco\/","title":{"rendered":"Rivarola defensor: \u00abEl &#8216;Tolo&#8217; debe informarse un poco\u00bb"},"content":{"rendered":"<figure id=\"attachment_3958\" aria-describedby=\"caption-attachment-3958\" style=\"width: 600px\" class=\"wp-caption alignnone\"><img loading=\"lazy\" decoding=\"async\" class=\" size-full wp-image-3958\" src=\"http:\/\/www.rincondelbulla.cl\/portal\/wp-content\/uploads\/2011\/03\/e627ecab6be5503e3ad2715db14a659d.jpg\" alt=\"Foto: UPI\" class=\"caption\" title=\"Fuente: Prensafutbol.cl\" width=\"600\" height=\"340\" srcset=\"https:\/\/www.rincondelbulla.cl\/portal\/wp-content\/uploads\/2011\/03\/e627ecab6be5503e3ad2715db14a659d.jpg 600w, https:\/\/www.rincondelbulla.cl\/portal\/wp-content\/uploads\/2011\/03\/e627ecab6be5503e3ad2715db14a659d-300x170.jpg 300w\" sizes=\"auto, (max-width: 600px) 100vw, 600px\" \/><figcaption id=\"caption-attachment-3958\" class=\"wp-caption-text\">Fuente: Prensafutbol.cl<\/figcaption><\/figure>\n<p><strong>&#8216;Gok\u00fa&#8217; sac\u00f3 la cara por el capit\u00e1n de la Universidad de Chile y fue el encargado de responder las declaraciones de Am\u00e9rico Gallego, quien ningune\u00f3 y trat\u00f3 de &#8216;desubicado&#8217; al zaguero zurdo azul. \u00abEs malo hablar de otra persona sin conocerla\u00bb, dijo el &#8216;7&#8217; de los laicos.<\/strong>  <!--more-->  Era que no. No se quedaron callados en el CDA tras conocerse las fuertes declaraciones del t\u00e9cnico de Colo Colo, Am\u00e9rico Rub\u00e9n Gallego, pues Diego Rivarola respondi\u00f3 los dichos del entrenador albo, que atac\u00f3 a Jos\u00e9 Rojas por decir que daba igual el estilo de juego de un equipo, ya que lo importante es ganar el t\u00edtulo.<\/p>\n<p>\u00abSiempre es importante ganar cosas en el mundo, pero no son justificativos para tratar mal a otra persona. No es propio de un t\u00e9cnico y no corresponde por un tema de \u00e9tica\u00bb, dijo Rivarola.<\/p>\n<p>&#8216;Gok\u00fa&#8217; afirm\u00f3 que Gallego debi\u00f3 documentarse sobre qui\u00e9n es el &#8216;Pepe&#8217; antes de ningunearlo, puesto que es un extranjero que reci\u00e9n est\u00e1 conociendo el medio.<\/p>\n<p>\u00abNo est\u00e1 bien, \u00e9l viene llegando a Chile y no sabe que (Jos\u00e9 Rojas) es el capit\u00e1n de la &#8216;U&#8217;, que es un equipo grande, entonces a veces hay que informarse un poco y es malo hablar de alguna persona sin conocerla\u00bb, dijo el ex Santiago Morning.<\/p>\n<p>Adem\u00e1s, critic\u00f3 la actitud del &#8216;Tolo&#8217; de sacar a relucir su curr\u00edculo para responderle a Rojas y tratarlo de &#8216;desubicado&#8217;.<\/p>\n<p>\u00abLo de los curr\u00edculos es relativo, uno puede haber ganado muchas cosas en alg\u00fan lado, pero en otras no gan\u00f3 nada. Es relativo, y siempre sirve, y tampoco podemos comparar un curriculum de 50 a\u00f1os con otro de 20\u00bb, manifest\u00f3 con tranquilidad el delantero azul.<\/p>\n","protected":false},"excerpt":{"rendered":"<p>&#8216;Gok\u00fa&#8217; sac\u00f3 la cara por el capit\u00e1n de la Universidad de Chile y fue el encargado de responder las declaraciones de Am\u00e9rico Gallego, quien ningune\u00f3 y trat\u00f3 de &#8216;desubicado&#8217; al zaguero zurdo azul. \u00abEs malo hablar de otra persona sin conocerla\u00bb, dijo el &#8216;7&#8217; de los laicos.<\/p>\n","protected":false},"author":1,"featured_media":3958,"comment_status":"open","ping_status":"open","sticky":false,"template":"","format":"standard","meta":{"footnotes":""},"categories":[18],"tags":[48,45,51],"class_list":{"0":"post-2327","1":"post","2":"type-post","3":"status-publish","4":"format-standard","5":"has-post-thumbnail","7":"category-actualidad","8":"tag-apertura-2011","9":"tag-diego-rivarola","10":"tag-jose-rojas"},"_links":{"self":[{"href":"https:\/\/www.rincondelbulla.cl\/portal\/wp-json\/wp\/v2\/posts\/2327","targetHints":{"allow":["GET"]}}],"collection":[{"href":"https:\/\/www.rincondelbulla.cl\/portal\/wp-json\/wp\/v2\/posts"}],"about":[{"href":"https:\/\/www.rincondelbulla.cl\/portal\/wp-json\/wp\/v2\/types\/post"}],"author":[{"embeddable":true,"href":"https:\/\/www.rincondelbulla.cl\/portal\/wp-json\/wp\/v2\/users\/1"}],"replies":[{"embeddable":true,"href":"https:\/\/www.rincondelbulla.cl\/portal\/wp-json\/wp\/v2\/comments?post=2327"}],"version-history":[{"count":0,"href":"https:\/\/www.rincondelbulla.cl\/portal\/wp-json\/wp\/v2\/posts\/2327\/revisions"}],"wp:featuredmedia":[{"embeddable":true,"href":"https:\/\/www.rincondelbulla.cl\/portal\/wp-json\/wp\/v2\/media\/3958"}],"wp:attachment":[{"href":"https:\/\/www.rincondelbulla.cl\/portal\/wp-json\/wp\/v2\/media?parent=2327"}],"wp:term":[{"taxonomy":"category","embeddable":true,"href":"https:\/\/www.rincondelbulla.cl\/portal\/wp-json\/wp\/v2\/categories?post=2327"},{"taxonomy":"post_tag","embeddable":true,"href":"https:\/\/www.rincondelbulla.cl\/portal\/wp-json\/wp\/v2\/tags?post=2327"}],"curies":[{"name":"wp","href":"https:\/\/api.w.org\/{rel}","templated":true}]}}