{"id":2328,"date":"2011-03-16T17:19:08","date_gmt":"2011-03-16T17:19:08","guid":{"rendered":"http:\/\/www.rincondelbulla.cl\/portal\/?p=2328"},"modified":"2011-03-16T17:19:08","modified_gmt":"2011-03-16T17:19:08","slug":"partido-entre-la-u-y-cobresal-sera-el-jueves-24-de-marzo","status":"publish","type":"post","link":"https:\/\/www.rincondelbulla.cl\/portal\/2011\/03\/16\/partido-entre-la-u-y-cobresal-sera-el-jueves-24-de-marzo\/","title":{"rendered":"Partido entre la &#8216;U&#8217; y Cobresal ser\u00e1 el jueves 24 de marzo"},"content":{"rendered":"<figure id=\"attachment_3959\" aria-describedby=\"caption-attachment-3959\" style=\"width: 600px\" class=\"wp-caption alignnone\"><img loading=\"lazy\" decoding=\"async\" class=\" size-full wp-image-3959\" src=\"http:\/\/www.rincondelbulla.cl\/portal\/wp-content\/uploads\/2011\/03\/2e9dcdcca4714b387ff51f2394d63a23.jpg\" alt=\"Foto: Photosport\" class=\"caption\" title=\"Fuente: Prensafutbol.cl\" width=\"600\" height=\"340\" srcset=\"https:\/\/www.rincondelbulla.cl\/portal\/wp-content\/uploads\/2011\/03\/2e9dcdcca4714b387ff51f2394d63a23.jpg 600w, https:\/\/www.rincondelbulla.cl\/portal\/wp-content\/uploads\/2011\/03\/2e9dcdcca4714b387ff51f2394d63a23-300x170.jpg 300w\" sizes=\"auto, (max-width: 600px) 100vw, 600px\" \/><figcaption id=\"caption-attachment-3959\" class=\"wp-caption-text\">Fuente: Prensafutbol.cl<\/figcaption><\/figure>\n<p><strong>Finalmente se program\u00f3 el duelo entre azules y mineros, suspendido por falta de polic\u00edas en El Salvador, para el pr\u00f3ximo jueves 24 de marzo en el estadio El Cobre a las 15:30 horas. As\u00ed, los azules no podr\u00e1n contar con sus seleccionados Felipe Seymour y Jos\u00e9 Rojas.<\/strong>  <!--more-->  Jorge Sampaoli no pudo cumplir su deseo de contar con sus seleccionados, Felipe Seymour y Jos\u00e9 Rojas, para el partido pendiente de la octava fecha ante Cobresal. Es que en definitiva el encuentro se program\u00f3 para el 24 de marzo, cuando la &#8216;Roja&#8217; de Claudio Borghi estar\u00e1 en Portugal preparando el duelo del 26 ante los due\u00f1os de casa.<\/p>\n<p>El encuentro entre azules y mineros deb\u00eda jugarse el pasado s\u00e1bado 12 de marzo. Sin embargo, se suspendi\u00f3 debido al poco contingente policial en El Salvador, debido a que estaban en las costas ayudando ante la alerta de tsunami producida por el tr\u00e1gico terremoto de Jap\u00f3n.<\/p>\n<p>En definitiva, el juego ser\u00e1 el pr\u00f3ximo jueves 24 de marzo a las 15:30 horas en el estadio El Cobre del campamento minero de la Regi\u00f3n de Atacama. Y el DT de la &#8216;U&#8217; tendr\u00e1 que ingeni\u00e1rselas para suplir a dos piezas fundamentales en su esquema.<\/p>\n","protected":false},"excerpt":{"rendered":"<p>Finalmente se program\u00f3 el duelo entre azules y mineros, suspendido por falta de polic\u00edas en El Salvador, para el pr\u00f3ximo jueves 24 de marzo en el estadio El Cobre a las 15:30 horas. As\u00ed, los azules no podr\u00e1n contar con sus seleccionados Felipe Seymour y Jos\u00e9 Rojas.<\/p>\n","protected":false},"author":1,"featured_media":3959,"comment_status":"open","ping_status":"open","sticky":false,"template":"","format":"standard","meta":{"footnotes":""},"categories":[18],"tags":[48],"class_list":{"0":"post-2328","1":"post","2":"type-post","3":"status-publish","4":"format-standard","5":"has-post-thumbnail","7":"category-actualidad","8":"tag-apertura-2011"},"_links":{"self":[{"href":"https:\/\/www.rincondelbulla.cl\/portal\/wp-json\/wp\/v2\/posts\/2328","targetHints":{"allow":["GET"]}}],"collection":[{"href":"https:\/\/www.rincondelbulla.cl\/portal\/wp-json\/wp\/v2\/posts"}],"about":[{"href":"https:\/\/www.rincondelbulla.cl\/portal\/wp-json\/wp\/v2\/types\/post"}],"author":[{"embeddable":true,"href":"https:\/\/www.rincondelbulla.cl\/portal\/wp-json\/wp\/v2\/users\/1"}],"replies":[{"embeddable":true,"href":"https:\/\/www.rincondelbulla.cl\/portal\/wp-json\/wp\/v2\/comments?post=2328"}],"version-history":[{"count":0,"href":"https:\/\/www.rincondelbulla.cl\/portal\/wp-json\/wp\/v2\/posts\/2328\/revisions"}],"wp:featuredmedia":[{"embeddable":true,"href":"https:\/\/www.rincondelbulla.cl\/portal\/wp-json\/wp\/v2\/media\/3959"}],"wp:attachment":[{"href":"https:\/\/www.rincondelbulla.cl\/portal\/wp-json\/wp\/v2\/media?parent=2328"}],"wp:term":[{"taxonomy":"category","embeddable":true,"href":"https:\/\/www.rincondelbulla.cl\/portal\/wp-json\/wp\/v2\/categories?post=2328"},{"taxonomy":"post_tag","embeddable":true,"href":"https:\/\/www.rincondelbulla.cl\/portal\/wp-json\/wp\/v2\/tags?post=2328"}],"curies":[{"name":"wp","href":"https:\/\/api.w.org\/{rel}","templated":true}]}}