{"id":2329,"date":"2011-03-17T14:38:22","date_gmt":"2011-03-17T14:38:22","guid":{"rendered":"http:\/\/www.rincondelbulla.cl\/portal\/?p=2329"},"modified":"2011-03-17T14:38:22","modified_gmt":"2011-03-17T14:38:22","slug":"viejo-problema-la-u-se-queda-sin-el-nacional-por-recitales","status":"publish","type":"post","link":"https:\/\/www.rincondelbulla.cl\/portal\/2011\/03\/17\/viejo-problema-la-u-se-queda-sin-el-nacional-por-recitales\/","title":{"rendered":"Viejo problema: La &#8216;U&#8217; se queda sin el Nacional por recitales"},"content":{"rendered":"<figure id=\"attachment_3960\" aria-describedby=\"caption-attachment-3960\" style=\"width: 600px\" class=\"wp-caption alignnone\"><img loading=\"lazy\" decoding=\"async\" class=\" size-full wp-image-3960\" src=\"http:\/\/www.rincondelbulla.cl\/portal\/wp-content\/uploads\/2011\/03\/c9b32c98563233aa501943c67fb2ecac.jpg\" alt=\"Foto: Claudio C\u00e1ceres\" class=\"caption\" title=\"Fuente: Prensafutbol.cl\" width=\"600\" height=\"340\" srcset=\"https:\/\/www.rincondelbulla.cl\/portal\/wp-content\/uploads\/2011\/03\/c9b32c98563233aa501943c67fb2ecac.jpg 600w, https:\/\/www.rincondelbulla.cl\/portal\/wp-content\/uploads\/2011\/03\/c9b32c98563233aa501943c67fb2ecac-300x170.jpg 300w\" sizes=\"auto, (max-width: 600px) 100vw, 600px\" \/><figcaption id=\"caption-attachment-3960\" class=\"wp-caption-text\">Fuente: Prensafutbol.cl<\/figcaption><\/figure>\n<p><strong>Los conciertos que se han realizado y se har\u00e1n en el recinto de \u00d1u\u00f1oa, obligar\u00e1n a cerrar algunos d\u00edas el estadio para arreglar el pasto, por lo que ya est\u00e1 claro que los azules no podr\u00e1n ocuparlo el 3 de abril ante Wanderers y podr\u00eda extenderse a m\u00e1s partidos.<\/strong>  <!--more-->  Luego de que se entregara el nuevo Estadio Nacional durante el segundo semestre del a\u00f1o pasado, Universidad de Chile cre\u00eda que no tendr\u00eda m\u00e1s problemas para jugar de local, considerando los miles de dolores de cabeza que hab\u00eda tenido en el \u00faltimo par de temporadas.<\/p>\n<p>Sin embargo una vez m\u00e1s Azul Azul tendr\u00e1 que buscar otro recinto, ya que desde el propio recinto confirmaron que no se podr\u00e1 ocupar para el encuentro del 3 de abril ante Santiago Wanderers, por la 10a fecha del Apertura, debido al desgaste por el concierto de Shakira a lo cual se sumar\u00e1 el de U2 el pr\u00f3ximo viernes.<\/p>\n<p>La situaci\u00f3n la coment\u00f3 a El Mercurio el administrador del recinto Luciano Rojas. \u00abAntes de que comenzara el campeonato le advertimos a la gente de Universidad de Chile que los conciertos podr\u00edan perjudicar a la cancha. Y si tras los recitales quedaba en mal estado, deb\u00edan suspenderse partidos. El pasto qued\u00f3 afectada por el concierto de Shakira y con U2 eso se intensificar\u00e1. Tras ese recital trabajaremos en la recuperaci\u00f3n de la cancha, por lo que no se podr\u00e1 ocupar hasta el 22 de abril. As\u00ed la &#8216;U&#8217; se perder\u00eda s\u00f3lo el partido con Wanderers y jugar\u00eda con Palestino\u00bb, explic\u00f3.<\/p>\n<p>De esta forma, por ahora los azules s\u00f3lo tendr\u00edan que buscar estadio para un duelo, siendo Santa Laura la primera opci\u00f3n, pero de todas formas queda la preocupaci\u00f3n en caso que no se alcance a arreglar la cancha para ese duelo con los &#8216;\u00e1rabes&#8217; por la 13a fecha, y sobre todo el 30 de abril ante Colo Colo.<\/p>\n","protected":false},"excerpt":{"rendered":"<p>Los conciertos que se han realizado y se har\u00e1n en el recinto de \u00d1u\u00f1oa, obligar\u00e1n a cerrar algunos d\u00edas el estadio para arreglar el pasto, por lo que ya est\u00e1 claro que los azules no podr\u00e1n ocuparlo el 3 de abril ante Wanderers y podr\u00eda extenderse a m\u00e1s partidos.<\/p>\n","protected":false},"author":1,"featured_media":3960,"comment_status":"open","ping_status":"open","sticky":false,"template":"","format":"standard","meta":{"footnotes":""},"categories":[18],"tags":[],"class_list":{"0":"post-2329","1":"post","2":"type-post","3":"status-publish","4":"format-standard","5":"has-post-thumbnail","7":"category-actualidad"},"_links":{"self":[{"href":"https:\/\/www.rincondelbulla.cl\/portal\/wp-json\/wp\/v2\/posts\/2329","targetHints":{"allow":["GET"]}}],"collection":[{"href":"https:\/\/www.rincondelbulla.cl\/portal\/wp-json\/wp\/v2\/posts"}],"about":[{"href":"https:\/\/www.rincondelbulla.cl\/portal\/wp-json\/wp\/v2\/types\/post"}],"author":[{"embeddable":true,"href":"https:\/\/www.rincondelbulla.cl\/portal\/wp-json\/wp\/v2\/users\/1"}],"replies":[{"embeddable":true,"href":"https:\/\/www.rincondelbulla.cl\/portal\/wp-json\/wp\/v2\/comments?post=2329"}],"version-history":[{"count":0,"href":"https:\/\/www.rincondelbulla.cl\/portal\/wp-json\/wp\/v2\/posts\/2329\/revisions"}],"wp:featuredmedia":[{"embeddable":true,"href":"https:\/\/www.rincondelbulla.cl\/portal\/wp-json\/wp\/v2\/media\/3960"}],"wp:attachment":[{"href":"https:\/\/www.rincondelbulla.cl\/portal\/wp-json\/wp\/v2\/media?parent=2329"}],"wp:term":[{"taxonomy":"category","embeddable":true,"href":"https:\/\/www.rincondelbulla.cl\/portal\/wp-json\/wp\/v2\/categories?post=2329"},{"taxonomy":"post_tag","embeddable":true,"href":"https:\/\/www.rincondelbulla.cl\/portal\/wp-json\/wp\/v2\/tags?post=2329"}],"curies":[{"name":"wp","href":"https:\/\/api.w.org\/{rel}","templated":true}]}}