{"id":2330,"date":"2011-03-18T14:30:14","date_gmt":"2011-03-18T14:30:14","guid":{"rendered":"http:\/\/www.rincondelbulla.cl\/portal\/?p=2330"},"modified":"2011-03-18T14:30:14","modified_gmt":"2011-03-18T14:30:14","slug":"en-independencia-quieren-evitar-a-la-u-en-santa-laura","status":"publish","type":"post","link":"https:\/\/www.rincondelbulla.cl\/portal\/2011\/03\/18\/en-independencia-quieren-evitar-a-la-u-en-santa-laura\/","title":{"rendered":"En Independencia quieren evitar a la &#8216;U&#8217; en Santa Laura"},"content":{"rendered":"<figure id=\"attachment_3961\" aria-describedby=\"caption-attachment-3961\" style=\"width: 600px\" class=\"wp-caption alignnone\"><img loading=\"lazy\" decoding=\"async\" class=\" size-full wp-image-3961\" src=\"http:\/\/www.rincondelbulla.cl\/portal\/wp-content\/uploads\/2011\/03\/0acda03247c07474fe25d7f8c7d18269.jpg\" alt=\"Estadio Santa Laura\" class=\"caption\" title=\"Fuente: Prensafutbol.cl\" width=\"600\" height=\"340\" srcset=\"https:\/\/www.rincondelbulla.cl\/portal\/wp-content\/uploads\/2011\/03\/0acda03247c07474fe25d7f8c7d18269.jpg 600w, https:\/\/www.rincondelbulla.cl\/portal\/wp-content\/uploads\/2011\/03\/0acda03247c07474fe25d7f8c7d18269-300x170.jpg 300w\" sizes=\"auto, (max-width: 600px) 100vw, 600px\" \/><figcaption id=\"caption-attachment-3961\" class=\"wp-caption-text\">Fuente: Prensafutbol.cl<\/figcaption><\/figure>\n<p><strong>El alcalde de la comuna, Antonio Garrido, asegur\u00f3 que ir\u00e1 a la justicia si es necesario para evitar que Universidad de Chile sea local en el estadio Santa Laura ante Wanderers cuando est\u00e9 cerrado el Nacional. En Azul Azul piensan en pedirle a Colo Colo el Monumental.<\/strong>  <!--more-->  El mal estado en el que quedar\u00e1 la cancha del Estadio Nacional, que impedir\u00e1 a la &#8216;U&#8217; ser local en el recinto que m\u00e1s usa para eso, trae de vuelta los problemas que los azules sufrieron el primer semestre de 2010. La falta de estadios para ejercer su condici\u00f3n de anfitri\u00f3n podr\u00eda obligar a nuevamente tener que salir de Santiago.<\/p>\n<p>Esto porque su primera alternativa, el Santa Laura, ya est\u00e1 presentando inconvenientes debido a que Antonio Garrido, alcalde de Independencia, asegur\u00f3 que har\u00e1 lo imposible por evitar que el cuadro de Jorge Sampaoli reciba ah\u00ed a Wanderers el 3 de abril pr\u00f3ximo.<\/p>\n<p>\u00abYo no quiero que la &#8216;U&#8217; juegue con Wanderers en Santa Laura. Si eso se programa, pondremos un recurso de protecci\u00f3n en tribunales. No queremos delincuentes en nuestra comuna\u00bb, dijo el jefe comunal en el diario La Tercera.<\/p>\n<p>Garrido incluso habl\u00f3 de discriminaci\u00f3n. \u00abNo quiero que sigan existiendo chilenos de primera y segunda categor\u00eda. Habl\u00e9 con el Intendente y le dije que no era justo recibir a estos equipos y que la autorizaci\u00f3n debe venir del alcalde. Hay agresiones, asaltos y desmanes. Espero que los jueces y autoridades paren con esto de chilenos de primera y segunda, porque en Las Condes a estos equipos no los reciben\u00bb, dijo en alusi\u00f3n a que Universidad Cat\u00f3lica no puede ser anfitri\u00f3n ante Colo Colo y la &#8216;U&#8217; en San Carlos de Apoquindo.<\/p>\n<p>Finalmente, Garrido reconoci\u00f3 que \u00abJorge Segovia (due\u00f1o de Uni\u00f3n Espa\u00f1ola y actual vicepresidente de la ANFP) me asegur\u00f3 hace poco que ni la &#8216;U&#8217; ni Colo Colo jugar\u00edan en Santa Laura, pero no va a cumplir su palabra&#8230; Esto de la ANFP y las nuevas sociedades con los clubes grandes me recuerda a la \u00e9poca de Al Capone\u00bb.<\/p>\n<p>\u00bfAlternativas? En Azul Azul quieren evitar como sea tener que salir de Santiago. En Santiago les queda la chance del estadio Monumental. Si bien Guillermo Mackenna se los negaba, con su salida y la llegada de Hern\u00e1n Levy creen que el escenario puede cambiar y favorecerlos.<\/p>\n","protected":false},"excerpt":{"rendered":"<p>El alcalde de la comuna, Antonio Garrido, asegur\u00f3 que ir\u00e1 a la justicia si es necesario para evitar que Universidad de Chile sea local en el estadio Santa Laura ante Wanderers cuando est\u00e9 cerrado el Nacional. En Azul Azul piensan en pedirle a Colo Colo el Monumental.<\/p>\n","protected":false},"author":1,"featured_media":3961,"comment_status":"open","ping_status":"open","sticky":false,"template":"","format":"standard","meta":{"footnotes":""},"categories":[18],"tags":[48,54],"class_list":{"0":"post-2330","1":"post","2":"type-post","3":"status-publish","4":"format-standard","5":"has-post-thumbnail","7":"category-actualidad","8":"tag-apertura-2011","9":"tag-estadio-santa-laura"},"_links":{"self":[{"href":"https:\/\/www.rincondelbulla.cl\/portal\/wp-json\/wp\/v2\/posts\/2330","targetHints":{"allow":["GET"]}}],"collection":[{"href":"https:\/\/www.rincondelbulla.cl\/portal\/wp-json\/wp\/v2\/posts"}],"about":[{"href":"https:\/\/www.rincondelbulla.cl\/portal\/wp-json\/wp\/v2\/types\/post"}],"author":[{"embeddable":true,"href":"https:\/\/www.rincondelbulla.cl\/portal\/wp-json\/wp\/v2\/users\/1"}],"replies":[{"embeddable":true,"href":"https:\/\/www.rincondelbulla.cl\/portal\/wp-json\/wp\/v2\/comments?post=2330"}],"version-history":[{"count":0,"href":"https:\/\/www.rincondelbulla.cl\/portal\/wp-json\/wp\/v2\/posts\/2330\/revisions"}],"wp:featuredmedia":[{"embeddable":true,"href":"https:\/\/www.rincondelbulla.cl\/portal\/wp-json\/wp\/v2\/media\/3961"}],"wp:attachment":[{"href":"https:\/\/www.rincondelbulla.cl\/portal\/wp-json\/wp\/v2\/media?parent=2330"}],"wp:term":[{"taxonomy":"category","embeddable":true,"href":"https:\/\/www.rincondelbulla.cl\/portal\/wp-json\/wp\/v2\/categories?post=2330"},{"taxonomy":"post_tag","embeddable":true,"href":"https:\/\/www.rincondelbulla.cl\/portal\/wp-json\/wp\/v2\/tags?post=2330"}],"curies":[{"name":"wp","href":"https:\/\/api.w.org\/{rel}","templated":true}]}}