{"id":2342,"date":"2011-03-29T03:37:20","date_gmt":"2011-03-29T03:37:20","guid":{"rendered":"http:\/\/www.rincondelbulla.cl\/portal\/?p=2342"},"modified":"2011-03-29T03:37:20","modified_gmt":"2011-03-29T03:37:20","slug":"alcalde-de-independencia-si-no-se-puede-en-san-carlos-tampoco-en-santa-laura","status":"publish","type":"post","link":"https:\/\/www.rincondelbulla.cl\/portal\/2011\/03\/29\/alcalde-de-independencia-si-no-se-puede-en-san-carlos-tampoco-en-santa-laura\/","title":{"rendered":"Alcalde de Independencia: \u00abSi no se puede en San Carlos, tampoco en Santa Laura\u00bb"},"content":{"rendered":"<figure id=\"attachment_3973\" aria-describedby=\"caption-attachment-3973\" style=\"width: 600px\" class=\"wp-caption alignnone\"><img loading=\"lazy\" decoding=\"async\" class=\" size-full wp-image-3973\" src=\"http:\/\/www.rincondelbulla.cl\/portal\/wp-content\/uploads\/2011\/03\/d389df2a83b8f09368080d14775ffda8.jpg\" alt=\"Foto: Claudio C\u00e1ceres\" class=\"caption\" title=\"Fuente: Prensafutbol.cl\" width=\"600\" height=\"340\" srcset=\"https:\/\/www.rincondelbulla.cl\/portal\/wp-content\/uploads\/2011\/03\/d389df2a83b8f09368080d14775ffda8.jpg 600w, https:\/\/www.rincondelbulla.cl\/portal\/wp-content\/uploads\/2011\/03\/d389df2a83b8f09368080d14775ffda8-300x170.jpg 300w\" sizes=\"auto, (max-width: 600px) 100vw, 600px\" \/><figcaption id=\"caption-attachment-3973\" class=\"wp-caption-text\">Fuente: Prensafutbol.cl<\/figcaption><\/figure>\n<p><strong>Antonio Garrido, alcalde de Independencia, presentar\u00e1 un recurso de protecci\u00f3n para impedir la realizaci\u00f3n del partido entre la &#8216;U&#8217; y Wanderers en el reducto de Plaza Chacabuco. Y dispar\u00f3 con todo: \u00abLa justicia debe definir si existen chilenos clase 1 y clase 2\u00bb.<\/strong><\/p>\n<p>  <!--more-->  <\/p>\n<p>Como era de esperar, Antonio Garrido, alcalde de la comuna de Independencia, reaccion\u00f3 con furia cuando se enter\u00f3 que Uni\u00f3n Espa\u00f1ola le arrend\u00f3 el estadio Santa Laura a la &#8216;U&#8217; para el partido en que los azules deben recibir a Santiago Wanderers, por la d\u00e9cima fecha del torneo de Apertura.<\/p>\n<p>El jefe comunal anticip\u00f3 en radio B\u00edo B\u00edo que presentar\u00e1 \u00abun recurso de protecci\u00f3n para impedir que Uni\u00f3n Espa\u00f1ola le arriende el estadio a Universidad de Chile. Yo tengo la obligaci\u00f3n de defender a mi comuna y la barra de la &#8216;U&#8217;, como tambi\u00e9n la de Colo Colo, s\u00f3lo hacen destrozos. Las \u00faltima veces que han venido han hecho mucho da\u00f1o\u00bb.<\/p>\n<p>Pero Garrido no se qued\u00f3 ah\u00ed y acus\u00f3 derechamente discriminaci\u00f3n. \u00abLa &#8216;U&#8217; nunca va a jugar en San Carlos de Apoquindo; Colo Colo nunca va a jugar en San Carlos de Apoquindo. \u00bfPor qu\u00e9? Porque all\u00e1 viven los jueces, los Presidentes de la Rep\u00fablica, los senadores y los diputados\u00bb, dispar\u00f3.<\/p>\n<p>\u00abVamos a pedirle a la justicia y al gobierno que de una vez por todas se definan para ver si tenemos chilenos clase 1 y chilenos clase 2. Si los partidos en que van las barras bravas no se pueden jugar en San Carlos de Apoquindo, tampoco se deben jugar en Santa Laura\u00bb, agreg\u00f3.<\/p>\n<p>Lo concreto es que el acuerdo es un hecho y ya est\u00e1 programado el duelo entre la &#8216;U&#8217; y Wanderers en Santa Laura el domingo a las 18:30 horas. Pero Garrido har\u00e1 lo posible por impedirlo.<\/p>\n<p>\u00abA los dirigentes del f\u00fatbol no les importa la gente, s\u00f3lo su bolsillo y ganar plata, sus cosas propias y nadie lucha por la tranquilidad de las comunas y la gente que vive en ellas. No puedo estar de acuerdo con eso\u00bb, sentenci\u00f3 el alcalde de Independencia.<\/p>\n<p>\u00a0<\/p>\n","protected":false},"excerpt":{"rendered":"<p>Antonio Garrido, alcalde de Independencia, presentar\u00e1 un recurso de protecci\u00f3n para impedir la realizaci\u00f3n del partido entre la &#8216;U&#8217; y Wanderers en el reducto de Plaza Chacabuco. Y dispar\u00f3 con todo: \u00abLa justicia debe definir si existen chilenos clase 1 y clase 2\u00bb.<\/p>\n","protected":false},"author":1,"featured_media":3973,"comment_status":"open","ping_status":"open","sticky":false,"template":"","format":"standard","meta":{"footnotes":""},"categories":[18],"tags":[48,54],"class_list":{"0":"post-2342","1":"post","2":"type-post","3":"status-publish","4":"format-standard","5":"has-post-thumbnail","7":"category-actualidad","8":"tag-apertura-2011","9":"tag-estadio-santa-laura"},"_links":{"self":[{"href":"https:\/\/www.rincondelbulla.cl\/portal\/wp-json\/wp\/v2\/posts\/2342","targetHints":{"allow":["GET"]}}],"collection":[{"href":"https:\/\/www.rincondelbulla.cl\/portal\/wp-json\/wp\/v2\/posts"}],"about":[{"href":"https:\/\/www.rincondelbulla.cl\/portal\/wp-json\/wp\/v2\/types\/post"}],"author":[{"embeddable":true,"href":"https:\/\/www.rincondelbulla.cl\/portal\/wp-json\/wp\/v2\/users\/1"}],"replies":[{"embeddable":true,"href":"https:\/\/www.rincondelbulla.cl\/portal\/wp-json\/wp\/v2\/comments?post=2342"}],"version-history":[{"count":0,"href":"https:\/\/www.rincondelbulla.cl\/portal\/wp-json\/wp\/v2\/posts\/2342\/revisions"}],"wp:featuredmedia":[{"embeddable":true,"href":"https:\/\/www.rincondelbulla.cl\/portal\/wp-json\/wp\/v2\/media\/3973"}],"wp:attachment":[{"href":"https:\/\/www.rincondelbulla.cl\/portal\/wp-json\/wp\/v2\/media?parent=2342"}],"wp:term":[{"taxonomy":"category","embeddable":true,"href":"https:\/\/www.rincondelbulla.cl\/portal\/wp-json\/wp\/v2\/categories?post=2342"},{"taxonomy":"post_tag","embeddable":true,"href":"https:\/\/www.rincondelbulla.cl\/portal\/wp-json\/wp\/v2\/tags?post=2342"}],"curies":[{"name":"wp","href":"https:\/\/api.w.org\/{rel}","templated":true}]}}