{"id":2343,"date":"2011-04-01T14:56:02","date_gmt":"2011-04-01T14:56:02","guid":{"rendered":"http:\/\/www.rincondelbulla.cl\/portal\/?p=2343"},"modified":"2011-04-01T14:56:02","modified_gmt":"2011-04-01T14:56:02","slug":"dicho-y-hecho-la-u-podra-jugar-en-santa-laura","status":"publish","type":"post","link":"https:\/\/www.rincondelbulla.cl\/portal\/2011\/04\/01\/dicho-y-hecho-la-u-podra-jugar-en-santa-laura\/","title":{"rendered":"Dicho y hecho: La &#8216;U&#8217; podr\u00e1 jugar en Santa Laura"},"content":{"rendered":"<figure id=\"attachment_3974\" aria-describedby=\"caption-attachment-3974\" style=\"width: 600px\" class=\"wp-caption alignnone\"><img loading=\"lazy\" decoding=\"async\" class=\" size-full wp-image-3974\" src=\"http:\/\/www.rincondelbulla.cl\/portal\/wp-content\/uploads\/2011\/04\/149ee80bc14123589c47db7df7828f61.jpg\" alt=\"Foto: Claudio C\u00e1ceres\" class=\"caption\" title=\"Fuente: Prensafutbol.cl\" width=\"600\" height=\"340\" srcset=\"https:\/\/www.rincondelbulla.cl\/portal\/wp-content\/uploads\/2011\/04\/149ee80bc14123589c47db7df7828f61.jpg 600w, https:\/\/www.rincondelbulla.cl\/portal\/wp-content\/uploads\/2011\/04\/149ee80bc14123589c47db7df7828f61-300x170.jpg 300w\" sizes=\"auto, (max-width: 600px) 100vw, 600px\" \/><figcaption id=\"caption-attachment-3974\" class=\"wp-caption-text\">Fuente: Prensafutbol.cl<\/figcaption><\/figure>\n<p><strong>La Corte de Apelaciones rechaz\u00f3 el recurso de amparo presentado por el alcalde de Independencia, Antonio Garrido. As\u00ed, los azules recibir\u00e1n a Wanderers en Plaza Chacabuco sin problemas, en un contraste con la negativa que hay para que jueguen en Las Condes.<\/strong>  <!--more-->  Se dio la l\u00f3gica: Universidad de Chile jugar\u00e1 como local ante Santiago Wanderers en el estadio Santa Laura este domingo a las 18:30 horas. Es que la Corte de Apelaciones rechaz\u00f3 el recurso de protecci\u00f3n presentado por el alcalde de Independencia, Antonio Garrido.<\/p>\n<p>No es un tema nuevo. Muchas otras veces el edil de la comuna ha intentado frenar que las barras bravas de Colo Colo y la &#8216;U&#8217; disputen sus partidos ah\u00ed. Sin embargo, siempre se le ha rechazado. Incluso en la final de 2009 cuando los albos enfrentaron a Cat\u00f3lica en uno de los cl\u00e1sicos del f\u00fatbol chileno.<\/p>\n<p>Una situaci\u00f3n que contrasta con lo que ocurre en el barrio alto, donde el alcalde de Las Condes, Francisco de la Maza, impide la realizaci\u00f3n de cl\u00e1sicos en San Carlos de Apoquindo, recinto de la UC.<\/p>\n<p>Y parece que el tema seguir\u00e1, puesto que incluso podr\u00eda pasar que los &#8216;cruzados&#8217; hagan de local en Santa Laura en el partido del 15 de mayo ante la &#8216;U&#8217;, debido a la negativa de usar su estadio y a que el Estadio Nacional no estar\u00e1 en condiciones por el concierto de Paul McCartney.<\/p>\n<p>En lo concreto, no hay impedimento Universidad de Chile puede estar en paz. No saldr\u00e1 de Santiago y podr\u00e1 usar el reducto de Independencia para ser local mientras se arregla la cancha de \u00d1u\u00f1oa. Y el primer visitante ser\u00e1 Santiago Wanderers de Valpara\u00edso este domingo a las 18:30 horas.<\/p>\n","protected":false},"excerpt":{"rendered":"<p>La Corte de Apelaciones rechaz\u00f3 el recurso de amparo presentado por el alcalde de Independencia, Antonio Garrido. As\u00ed, los azules recibir\u00e1n a Wanderers en Plaza Chacabuco sin problemas, en un contraste con la negativa que hay para que jueguen en Las Condes.<\/p>\n","protected":false},"author":1,"featured_media":3974,"comment_status":"open","ping_status":"open","sticky":false,"template":"","format":"standard","meta":{"footnotes":""},"categories":[18],"tags":[48],"class_list":{"0":"post-2343","1":"post","2":"type-post","3":"status-publish","4":"format-standard","5":"has-post-thumbnail","7":"category-actualidad","8":"tag-apertura-2011"},"_links":{"self":[{"href":"https:\/\/www.rincondelbulla.cl\/portal\/wp-json\/wp\/v2\/posts\/2343","targetHints":{"allow":["GET"]}}],"collection":[{"href":"https:\/\/www.rincondelbulla.cl\/portal\/wp-json\/wp\/v2\/posts"}],"about":[{"href":"https:\/\/www.rincondelbulla.cl\/portal\/wp-json\/wp\/v2\/types\/post"}],"author":[{"embeddable":true,"href":"https:\/\/www.rincondelbulla.cl\/portal\/wp-json\/wp\/v2\/users\/1"}],"replies":[{"embeddable":true,"href":"https:\/\/www.rincondelbulla.cl\/portal\/wp-json\/wp\/v2\/comments?post=2343"}],"version-history":[{"count":0,"href":"https:\/\/www.rincondelbulla.cl\/portal\/wp-json\/wp\/v2\/posts\/2343\/revisions"}],"wp:featuredmedia":[{"embeddable":true,"href":"https:\/\/www.rincondelbulla.cl\/portal\/wp-json\/wp\/v2\/media\/3974"}],"wp:attachment":[{"href":"https:\/\/www.rincondelbulla.cl\/portal\/wp-json\/wp\/v2\/media?parent=2343"}],"wp:term":[{"taxonomy":"category","embeddable":true,"href":"https:\/\/www.rincondelbulla.cl\/portal\/wp-json\/wp\/v2\/categories?post=2343"},{"taxonomy":"post_tag","embeddable":true,"href":"https:\/\/www.rincondelbulla.cl\/portal\/wp-json\/wp\/v2\/tags?post=2343"}],"curies":[{"name":"wp","href":"https:\/\/api.w.org\/{rel}","templated":true}]}}