{"id":2358,"date":"2011-04-06T19:05:53","date_gmt":"2011-04-06T19:05:53","guid":{"rendered":"http:\/\/www.rincondelbulla.cl\/portal\/?p=2358"},"modified":"2011-04-06T19:05:53","modified_gmt":"2011-04-06T19:05:53","slug":"abarca-estaria-bien-que-nos-castigaran-pero-una-fecha","status":"publish","type":"post","link":"https:\/\/www.rincondelbulla.cl\/portal\/2011\/04\/06\/abarca-estaria-bien-que-nos-castigaran-pero-una-fecha\/","title":{"rendered":"Abarca: \u00abEstar\u00eda bien que nos castigaran, pero una fecha\u00bb"},"content":{"rendered":"<figure id=\"attachment_3986\" aria-describedby=\"caption-attachment-3986\" style=\"width: 600px\" class=\"wp-caption alignnone\"><img loading=\"lazy\" decoding=\"async\" class=\" size-full wp-image-3986\" src=\"http:\/\/www.rincondelbulla.cl\/portal\/wp-content\/uploads\/2011\/04\/63469429912dc1ccdb06743287acc7c4.jpg\" alt=\"Foto: Claudio C\u00e1ceres\" class=\"caption\" title=\"Fuente: Prensafutbol.cl\" width=\"600\" height=\"340\" srcset=\"https:\/\/www.rincondelbulla.cl\/portal\/wp-content\/uploads\/2011\/04\/63469429912dc1ccdb06743287acc7c4.jpg 600w, https:\/\/www.rincondelbulla.cl\/portal\/wp-content\/uploads\/2011\/04\/63469429912dc1ccdb06743287acc7c4-300x170.jpg 300w\" sizes=\"auto, (max-width: 600px) 100vw, 600px\" \/><figcaption id=\"caption-attachment-3986\" class=\"wp-caption-text\">Fuente: Prensafutbol.cl<\/figcaption><\/figure>\n<p><strong>El defensa de Universidad de Chile confes\u00f3 que ante los incidentes producidos frente a Wanderers ser\u00eda l\u00f3gico recibir alguna sanci\u00f3n, pero espera que sea el m\u00ednimo para no impedir jugar con gente el cl\u00e1sico. Adem\u00e1s alert\u00f3 de la experiencia de su pr\u00f3ximo rival Iquique.<\/strong>  <!--more-->  En un gran problema podr\u00eda verse Universidad de Chile a fines de abril cuando recibe a Colo Colo, si es que se sanciona al club por m\u00e1s de un partido debido a los incidentes producidos el domingo frente a Wanderers en el Santa Laura.<\/p>\n<p>Esto preocupa en el plantel de los azules, seg\u00fan confes\u00f3 Juan Abarca, aunque asumen que una sanci\u00f3n estar\u00eda ajustada a lo que ocurri\u00f3 en el recinto de Independencia. \u00abEstar\u00eda bien que nos castigaran, pero por una fecha, no dos, porque tampoco fue demasiado grave, hubo incidentes pero no tengo antecedentes de que haya pasado a mayores. Si se recibe un castigo hay que acatar\u00bb, dijo el defensa universitario.<\/p>\n<p>Antes el riesgo de no poder contar con su gente en el Supercl\u00e1sico, el ex Huachipato dej\u00f3 en claro que \u00abel cl\u00e1sico se vive dentro y fuera de la cancha y uno necesita el apoyo. A uno lo motiva ver el estadio lleno y coreando las canciones. Ser\u00eda complicado que no se pudiera jugar el cl\u00e1sico con nuestra gente\u00bb.<\/p>\n<p>Pero la preocupaci\u00f3n inmediata de los azules es el duelo del s\u00e1bado a las 22:00 ante Iquique, donde esperan seguir su gran campa\u00f1a como forasteros, y el zaguero &#8216;laico&#8217; alert\u00f3 sobre la experiencia en el plantel de los &#8216;Dragones Celestes&#8217;. \u00abA pesar de la situaci\u00f3n de ellos en la tabla de posiciones, son jugadores muy experimentados y van a querer usar eso ante nosotros, que somos un equipo basante joven\u00bb. dijo Abarca.<\/p>\n<p>En cuanto a la forma de plantear este encuentro, el defensa detall\u00f3 que \u00abva a ser fundamental hacer presi\u00f3n en campo de ellos, tratar de agotarlos, y que ellos no tengan el control del bal\u00f3n e imponer el ritmo del partido\u00bb.<\/p>\n","protected":false},"excerpt":{"rendered":"<p>El defensa de Universidad de Chile confes\u00f3 que ante los incidentes producidos frente a Wanderers ser\u00eda l\u00f3gico recibir alguna sanci\u00f3n, pero espera que sea el m\u00ednimo para no impedir jugar con gente el cl\u00e1sico. Adem\u00e1s alert\u00f3 de la experiencia de su pr\u00f3ximo rival Iquique.<\/p>\n","protected":false},"author":1,"featured_media":3986,"comment_status":"open","ping_status":"open","sticky":false,"template":"","format":"standard","meta":{"footnotes":""},"categories":[18],"tags":[48,60],"class_list":{"0":"post-2358","1":"post","2":"type-post","3":"status-publish","4":"format-standard","5":"has-post-thumbnail","7":"category-actualidad","8":"tag-apertura-2011","9":"tag-juan-abarca"},"_links":{"self":[{"href":"https:\/\/www.rincondelbulla.cl\/portal\/wp-json\/wp\/v2\/posts\/2358","targetHints":{"allow":["GET"]}}],"collection":[{"href":"https:\/\/www.rincondelbulla.cl\/portal\/wp-json\/wp\/v2\/posts"}],"about":[{"href":"https:\/\/www.rincondelbulla.cl\/portal\/wp-json\/wp\/v2\/types\/post"}],"author":[{"embeddable":true,"href":"https:\/\/www.rincondelbulla.cl\/portal\/wp-json\/wp\/v2\/users\/1"}],"replies":[{"embeddable":true,"href":"https:\/\/www.rincondelbulla.cl\/portal\/wp-json\/wp\/v2\/comments?post=2358"}],"version-history":[{"count":0,"href":"https:\/\/www.rincondelbulla.cl\/portal\/wp-json\/wp\/v2\/posts\/2358\/revisions"}],"wp:featuredmedia":[{"embeddable":true,"href":"https:\/\/www.rincondelbulla.cl\/portal\/wp-json\/wp\/v2\/media\/3986"}],"wp:attachment":[{"href":"https:\/\/www.rincondelbulla.cl\/portal\/wp-json\/wp\/v2\/media?parent=2358"}],"wp:term":[{"taxonomy":"category","embeddable":true,"href":"https:\/\/www.rincondelbulla.cl\/portal\/wp-json\/wp\/v2\/categories?post=2358"},{"taxonomy":"post_tag","embeddable":true,"href":"https:\/\/www.rincondelbulla.cl\/portal\/wp-json\/wp\/v2\/tags?post=2358"}],"curies":[{"name":"wp","href":"https:\/\/api.w.org\/{rel}","templated":true}]}}