{"id":2403,"date":"2011-05-01T20:51:15","date_gmt":"2011-05-01T20:51:15","guid":{"rendered":"http:\/\/www.rincondelbulla.cl\/portal\/?p=2403"},"modified":"2011-05-01T20:51:15","modified_gmt":"2011-05-01T20:51:15","slug":"fotos-universidad-de-chile-vs-colo-colo-parte-1","status":"publish","type":"post","link":"https:\/\/www.rincondelbulla.cl\/portal\/2011\/05\/01\/fotos-universidad-de-chile-vs-colo-colo-parte-1\/","title":{"rendered":"Fotos: Universidad de Chile vs. Colo Colo [Parte 1]"},"content":{"rendered":"<p><img loading=\"lazy\" decoding=\"async\" class=\" size-full wp-image-4030\" src=\"http:\/\/www.rincondelbulla.cl\/portal\/wp-content\/uploads\/2011\/05\/481d9194f07e3478c839bf97ae3c8357.jpg\" alt=\"\" width=\"600\" height=\"340\" srcset=\"https:\/\/www.rincondelbulla.cl\/portal\/wp-content\/uploads\/2011\/05\/481d9194f07e3478c839bf97ae3c8357.jpg 600w, https:\/\/www.rincondelbulla.cl\/portal\/wp-content\/uploads\/2011\/05\/481d9194f07e3478c839bf97ae3c8357-300x170.jpg 300w\" sizes=\"auto, (max-width: 600px) 100vw, 600px\" \/><\/p>\n<p>\u00a0<\/p>\n<p>  <!--more-->  <\/p>\n<p>{galeria}vs_colo1_local_ap11{\/galeria}<\/p>\n<p>\u00a0<\/p>\n<p>Recuerda que puedes encontrar m\u00e1s im\u00e1genes de este partido (s\u00f3lo fotos del pueblo Bullanguero) en la secci\u00f3n<strong> &#8216;ETIQU\u00c9TATE&#8217; <\/strong>que puedes encontrar en nuestro Facebook. www.facebook.com\/rincondelbulla.cl<\/p>\n","protected":false},"excerpt":{"rendered":"<p>\u00a0<\/p>\n","protected":false},"author":56,"featured_media":4030,"comment_status":"open","ping_status":"open","sticky":false,"template":"","format":"standard","meta":{"footnotes":""},"categories":[25],"tags":[48,47,44],"class_list":{"0":"post-2403","1":"post","2":"type-post","3":"status-publish","4":"format-standard","5":"has-post-thumbnail","7":"category-fotos-campeonato-nacional-apertura-2011","8":"tag-apertura-2011","9":"tag-galeria-fotografica","10":"tag-superclasico"},"_links":{"self":[{"href":"https:\/\/www.rincondelbulla.cl\/portal\/wp-json\/wp\/v2\/posts\/2403","targetHints":{"allow":["GET"]}}],"collection":[{"href":"https:\/\/www.rincondelbulla.cl\/portal\/wp-json\/wp\/v2\/posts"}],"about":[{"href":"https:\/\/www.rincondelbulla.cl\/portal\/wp-json\/wp\/v2\/types\/post"}],"author":[{"embeddable":true,"href":"https:\/\/www.rincondelbulla.cl\/portal\/wp-json\/wp\/v2\/users\/56"}],"replies":[{"embeddable":true,"href":"https:\/\/www.rincondelbulla.cl\/portal\/wp-json\/wp\/v2\/comments?post=2403"}],"version-history":[{"count":0,"href":"https:\/\/www.rincondelbulla.cl\/portal\/wp-json\/wp\/v2\/posts\/2403\/revisions"}],"wp:featuredmedia":[{"embeddable":true,"href":"https:\/\/www.rincondelbulla.cl\/portal\/wp-json\/wp\/v2\/media\/4030"}],"wp:attachment":[{"href":"https:\/\/www.rincondelbulla.cl\/portal\/wp-json\/wp\/v2\/media?parent=2403"}],"wp:term":[{"taxonomy":"category","embeddable":true,"href":"https:\/\/www.rincondelbulla.cl\/portal\/wp-json\/wp\/v2\/categories?post=2403"},{"taxonomy":"post_tag","embeddable":true,"href":"https:\/\/www.rincondelbulla.cl\/portal\/wp-json\/wp\/v2\/tags?post=2403"}],"curies":[{"name":"wp","href":"https:\/\/api.w.org\/{rel}","templated":true}]}}