{"id":2411,"date":"2011-05-06T20:27:36","date_gmt":"2011-05-06T20:27:36","guid":{"rendered":"http:\/\/www.rincondelbulla.cl\/portal\/?p=2411"},"modified":"2011-05-06T20:27:36","modified_gmt":"2011-05-06T20:27:36","slug":"la-previa-huachipato-vs-universidad-de-chile-4","status":"publish","type":"post","link":"https:\/\/www.rincondelbulla.cl\/portal\/2011\/05\/06\/la-previa-huachipato-vs-universidad-de-chile-4\/","title":{"rendered":"La Previa: Huachipato vs. Universidad de Chile"},"content":{"rendered":"<figure id=\"attachment_4038\" aria-describedby=\"caption-attachment-4038\" style=\"width: 600px\" class=\"wp-caption alignnone\"><img loading=\"lazy\" decoding=\"async\" class=\" size-full wp-image-4038\" src=\"http:\/\/www.rincondelbulla.cl\/portal\/wp-content\/uploads\/2011\/05\/fbef5456f113816338a0b4f6cfe2c4a5.jpg\" alt=\"Foto: Felipe Gonz\u00e1lez\" class=\"caption\" title=\"Los acereros buscan meterse en play offs y para eso necesitan con urgencia el triunfo\" width=\"600\" height=\"340\" srcset=\"https:\/\/www.rincondelbulla.cl\/portal\/wp-content\/uploads\/2011\/05\/fbef5456f113816338a0b4f6cfe2c4a5.jpg 600w, https:\/\/www.rincondelbulla.cl\/portal\/wp-content\/uploads\/2011\/05\/fbef5456f113816338a0b4f6cfe2c4a5-300x170.jpg 300w\" sizes=\"auto, (max-width: 600px) 100vw, 600px\" \/><figcaption id=\"caption-attachment-4038\" class=\"wp-caption-text\">Los acereros buscan meterse en play offs y para eso necesitan con urgencia el triunfo<\/figcaption><\/figure>\n<p style=\"text-align: justify;\"><strong>Tras el triunfo del d\u00eda s\u00e1bado frente a Colo Colo, el plantel siente la responsabilidad de seguir consiguiendo resultados positivos para seguir so\u00f1ando con la cada vez m\u00e1s remota Copa Sudamericana y adem\u00e1s, llegar en buen pie a los play offs. Este s\u00e1bado a las 15:30 Huachipato estar\u00e1 esperando en el estadio CAP con los dientes apretados, pues se encuentran a un punto del 8\u00ba puesto, el \u00faltimo que entrega un lugar en la fase final. Toda la previa por el Rinc\u00f3n del Bulla.<\/strong><\/p>\n<p style=\"text-align: justify;\"><strong>  <!--more-->  <\/strong><\/p>\n<p style=\"text-align: justify;\"><strong><br \/><\/strong><\/p>\n<p style=\"text-align: justify;\">Luego de la angustiante victoria frente a Colo Colo el s\u00e1bado pasado, \u00a0a U llega muy bien an\u00edmicamente al duelo de este s\u00e1bado frente a Huachipato; aspecto que a mi parecer es primordial en vista de que no ser\u00e1 un partido f\u00e1cil. Si bien los acereros son una escuadra complicada, actualmente tienen 19 puntos y se ubican a 1 de Audax Italiano, el \u00faltimo clasificado a Play offs; as\u00ed que si quieren ingresar a la definici\u00f3n por el t\u00edtulo, es una obligaci\u00f3n vencer a los dirigidos de Sampaoli.<\/p>\n<p style=\"text-align: justify;\">En el reci\u00e9n mencionado duelo frente a los albos se pudo ver una escuadra azul interesada en obbtener el triunfo, novedad que difiere bastante de los \u00faltimos cl\u00e1sicos, en donde aguantar en b\u00fasqueda del error rival era la t\u00f3nica.\u00a0Si bien el esquema t\u00e1ctico utilizado por el DT tuvo ripios, como por ejemplo las numerosas ocasiones en las que la defensa azul qued\u00f3 mano a mano con los atacantes albos, el cambio de actitud fue un asunto primordial para lograr llevarse la victoria del Cl\u00e1sico.<\/p>\n<p style=\"text-align: justify;\">Hay un caso especial que quiero destacar por sobre el resto, y no es Diego Rivarola, que tuvo una importante intervenci\u00f3n total y absolutamente aplaudible; sino que me refiero a Eugenio Mena. \u00bfPor qu\u00e9 quiero detenerme en el ex Wanderers? Por su entrega, compromiso y calidad. Los mejores momentos de la U coincidieron con sus numerosos aportes a la hora de atacar, as\u00ed como tambi\u00e9n su agotamiento f\u00edsico y consecuente cese en las subidas provoc\u00f3 que el Rom\u00e1ntico Viajero se viera poco entregado al ataque.<\/p>\n<p style=\"text-align: justify;\">El volante zurdo hizo su debut en un cl\u00e1sico, mostrando mucha actitud, gran talento con el bal\u00f3n, personalidad y atrevimiento a la hora de probar al arco. sin duda su contrataci\u00f3n fue un acierto y es de esperar que siga teniendo oportunidades constantes para demostrar su calidad de juego.<\/p>\n<p style=\"text-align: justify;\">Con respecto al \u00e1mbito noticioso, dos han sido los temas que han marcado pauta en las \u00faltimas horas en el CDA. En primer lugar las contrataciones; esto pues ya se confirm\u00f3 la venta por 4 millones de d\u00f3lares de Edson Puch al f\u00fatbol de Emiratos \u00c1rabes, lo que significar\u00e1 una ganancia de 2 millones para la U y para Deportes Iquique, club due\u00f1o de la mitad de su pase.<\/p>\n<p style=\"text-align: justify;\">De esta manera, queda una vacante que la dirigencia azul desea llenar con Emilio Hern\u00e1ndez, de buen desempe\u00f1o en Argentina y campe\u00f3n con la U el 2009. Ahora bien, hay otros dos nombres que rondan en las huestes azules. El primero de ellos es el ofrecimiento de Roberto Cereceda y el otro es el deseo por contar con Carlos Mu\u00f1oz.<\/p>\n<p style=\"text-align: justify;\">En el primer caso, creo que es un jugador que no tiene cabida en el plantel debido principalmente a que ya se encuentra cubierto el sector izquierdo, precisamente por el propio Mena y adem\u00e1s por Jos\u00e9 Rojas. Adem\u00e1s, como detalle, creo que su pasado albo no tiene mucha relevancia, pues Charles Ar\u00e1nguiz, uno de los buenos refuerzos de esta temporada, tiene el mismo color en su curr\u00edculum<\/p>\n<p style=\"text-align: justify;\">Con respecto al caso de Mu\u00f1oz, los rumores indican que Gustavo Canales y Mat\u00edas P\u00e9rez Garc\u00eda estar\u00edan involucrados en una posible transacci\u00f3n con Santiago Wanderers a cambio del habilidoso delantero, sin embargo <strong>son s\u00f3lo voladores de luces, nada concreto ni confirmado por alguna de las dirigencias a\u00fan.<\/strong><\/p>\n<p style=\"text-align: justify;\"><strong> <\/strong>Finalmente, y antes de ir a las formaciones posibles, es necesario destacar las declaraciones emitidas por el DT hace un par de horas atr\u00e1s. en las que se\u00f1ala que Rivarola no est\u00e1 para m\u00e1s de 30 minutos en el actual esquema; aspecto que me parece innecesario. Sampaoli desgraciadamente ha mostrado escaso manejo humano, aspecto que ya se hab\u00eda notado cuando cort\u00f3 a Olarra, Centuri\u00f3n e incluso Marino en su momento, decisi\u00f3n tomada sin brindarle ning\u00fan tipo de explicaci\u00f3n a los jugadores.<\/p>\n<p style=\"text-align: justify;\">En esta oportunidad, tampoco hab\u00eda tenido alg\u00fan tipo de conversaci\u00f3n con el ariete argentino, lo que desat\u00f3 su clara y justificada molestia. Personalmente, me parece una decisi\u00f3n poco acertada la del estratega argentino, pues el juego del equipo no refleja su idea futbol\u00edstica de forma clara; entonces hablar de v\u00e9rtigo y ritmo ser\u00eda inapropiado, m\u00e1s a\u00fan cuando los delanteros que suele utilizar no han dado los resultados esperados. Todas las opciones son buenas y si bien , todos como hinchas debemos reconocer que Rivarola no est\u00e1 para el partido completo, que el DT salga diciendolo en los medios no es una buena jugada.<\/p>\n<p style=\"text-align: justify;\">Los azules realizar\u00e1n m\u00ednimos cambios en la formaci\u00f3n respecto a los once que saltaron al Nacional el s\u00e1bado pasado, por lo que la escuadra titular ser\u00e1 con\u00a0<span style=\"font-family: Helvetica, Arial, sans-serif; -webkit-border-horizontal-spacing: 2px; -webkit-border-vertical-spacing: 2px;\"><strong>Jhonny Herrera<\/strong> al arco<strong>; Mat\u00edas Rodr\u00edguez, Albert Acevedo y Jos\u00e9 Rojas <\/strong>componiendo una l\u00ednea de 3 en el sector defensivo<strong>; Charles Ar\u00e1nguiz <\/strong>y<strong> Felipe Seymour<\/strong> en labores de quite, mientras que<strong> Guillermo Marino y Eugenio Mena <\/strong>estar\u00e1n m\u00e1s encargados de la generaci\u00f3n<strong>; <\/strong>finalmente<strong> Eduardo Vargas, Gabriel Vargas y Edson Puch <\/strong>buscar\u00e1n el gol.<\/span><\/p>\n<p style=\"text-align: justify;\">La formaci\u00f3n de Huachipato ser\u00e1 debidamente actualizada cuando tengamos conocimiento de ella.<\/p>\n<p style=\"text-align: justify;\"><strong>15:30 de este s\u00e1bado es la cita. Los azules salen a buscar un nuevo triunfo frente a un complicado equipo, para acercarse as\u00ed a la Sudamericana y quedar en buen pie para enfrentar a Universidad Cat\u00f3lica en la pr\u00f3xima fecha. Recuerda que puedes seguir todas las acciones del partido a trav\u00e9s de Rinc\u00f3n del Bulla. Vamos Leones!<\/strong><\/p>\n","protected":false},"excerpt":{"rendered":"<p>Tras el triunfo del d\u00eda s\u00e1bado frente a Colo Colo, el plantel siente la responsabilidad de seguir consiguiendo resultados positivos para seguir so\u00f1ando con la cada vez m\u00e1s remota Copa Sudamericana y adem\u00e1s, llegar en buen pie a los play offs. Este s\u00e1bado a las 15:30 Huachipato estar\u00e1 esperando en el estadio CAP con los [&#8230;]<\/p>\n","protected":false},"author":54,"featured_media":4038,"comment_status":"open","ping_status":"open","sticky":false,"template":"","format":"standard","meta":{"footnotes":""},"categories":[18],"tags":[48,37],"class_list":{"0":"post-2411","1":"post","2":"type-post","3":"status-publish","4":"format-standard","5":"has-post-thumbnail","7":"category-actualidad","8":"tag-apertura-2011","9":"tag-la-previa"},"_links":{"self":[{"href":"https:\/\/www.rincondelbulla.cl\/portal\/wp-json\/wp\/v2\/posts\/2411","targetHints":{"allow":["GET"]}}],"collection":[{"href":"https:\/\/www.rincondelbulla.cl\/portal\/wp-json\/wp\/v2\/posts"}],"about":[{"href":"https:\/\/www.rincondelbulla.cl\/portal\/wp-json\/wp\/v2\/types\/post"}],"author":[{"embeddable":true,"href":"https:\/\/www.rincondelbulla.cl\/portal\/wp-json\/wp\/v2\/users\/54"}],"replies":[{"embeddable":true,"href":"https:\/\/www.rincondelbulla.cl\/portal\/wp-json\/wp\/v2\/comments?post=2411"}],"version-history":[{"count":0,"href":"https:\/\/www.rincondelbulla.cl\/portal\/wp-json\/wp\/v2\/posts\/2411\/revisions"}],"wp:featuredmedia":[{"embeddable":true,"href":"https:\/\/www.rincondelbulla.cl\/portal\/wp-json\/wp\/v2\/media\/4038"}],"wp:attachment":[{"href":"https:\/\/www.rincondelbulla.cl\/portal\/wp-json\/wp\/v2\/media?parent=2411"}],"wp:term":[{"taxonomy":"category","embeddable":true,"href":"https:\/\/www.rincondelbulla.cl\/portal\/wp-json\/wp\/v2\/categories?post=2411"},{"taxonomy":"post_tag","embeddable":true,"href":"https:\/\/www.rincondelbulla.cl\/portal\/wp-json\/wp\/v2\/tags?post=2411"}],"curies":[{"name":"wp","href":"https:\/\/api.w.org\/{rel}","templated":true}]}}