{"id":2438,"date":"2011-05-23T19:18:40","date_gmt":"2011-05-23T19:18:40","guid":{"rendered":"http:\/\/www.rincondelbulla.cl\/portal\/?p=2438"},"modified":"2011-05-23T19:18:40","modified_gmt":"2011-05-23T19:18:40","slug":"rojas-y-visita-a-santa-laura-podriamos-sacar-ventaja","status":"publish","type":"post","link":"https:\/\/www.rincondelbulla.cl\/portal\/2011\/05\/23\/rojas-y-visita-a-santa-laura-podriamos-sacar-ventaja\/","title":{"rendered":"Rojas y \u00abvisita\u00bb a Santa Laura: \u00abPodr\u00edamos sacar ventaja\u00bb"},"content":{"rendered":"<figure id=\"attachment_4064\" aria-describedby=\"caption-attachment-4064\" style=\"width: 600px\" class=\"wp-caption alignnone\"><img loading=\"lazy\" decoding=\"async\" class=\" size-full wp-image-4064\" src=\"http:\/\/www.rincondelbulla.cl\/portal\/wp-content\/uploads\/2011\/05\/1281b969d392854908e324a837ddb6f0.jpg\" alt=\"Foto: Claudio C\u00e1ceres\" class=\"caption\" title=\"Fuente: Prensafutbol.cl\" width=\"600\" height=\"340\" srcset=\"https:\/\/www.rincondelbulla.cl\/portal\/wp-content\/uploads\/2011\/05\/1281b969d392854908e324a837ddb6f0.jpg 600w, https:\/\/www.rincondelbulla.cl\/portal\/wp-content\/uploads\/2011\/05\/1281b969d392854908e324a837ddb6f0-300x170.jpg 300w\" sizes=\"auto, (max-width: 600px) 100vw, 600px\" \/><figcaption id=\"caption-attachment-4064\" class=\"wp-caption-text\">Fuente: Prensafutbol.cl<\/figcaption><\/figure>\n<p><strong>El capit\u00e1n de Universidad de Chile reconoci\u00f3 que les favorece tener que jugar de visita ante San Felipe en Santa Laura, aunque igual mostr\u00f3 su respeto por el cuadro de Nelson Cossio. Adem\u00e1s, destac\u00f3 el hecho que Colo Colo y Cat\u00f3lica \u00abse matan entre ellos\u00bb.<\/strong><\/p>\n<p>  <!--more-->  <\/p>\n<p>\u00abEstamos para campeones\u2026 pero antes hay que jugar con San Felipe\u00bb. Jos\u00e9 Rojas gr\u00e1fica el sentir del plantel de la &#8216;U&#8217;. El optimismo y la fe reinan en el cuadro azul, que se apronta para debutar en los playoffs este mi\u00e9rcoles a las 18:00 horas en Santa Laura ante los del valle del Aconcagua.<\/p>\n<p>Y la verdad es que la buena campa\u00f1a final del elenco de Jorge Sampaoli es el gran pie para la ilusi\u00f3n. \u00abHay que ir paso a paso y el primero es San Felipe. Ojal\u00e1 se d\u00e9 un lindo partido en el que podamos cumplir el primer objetivo rumbo al sue\u00f1o de ser campe\u00f3n\u00bb, dijo el capit\u00e1n.<\/p>\n<p>Sobre su rival, &#8216;Pepe&#8217; no hizo m\u00e1s que mostrar su respeto. \u00abEste es otro tipo de campeonato. Nos toca San Felipe, que en la fase regular nos gan\u00f3. Tenemos una deuda pendiente que saldar. Pero m\u00e1s all\u00e1 de eso todas estas son finales que te van marcando para llegar al t\u00edtulo\u00bb, se\u00f1al\u00f3..<\/p>\n<p>\u00abEstamos m\u00e1s afiatados que la vez que perdimos con ellos en el torneo, que fue nuestra \u00faltima derrota. Lo coment\u00e9 en el plantel. Esa vez est\u00e1bamos conociendo el sistema y adecu\u00e1ndonos. Cometimos errores, como cuando nos hicieron los goles de contra\u00a0 porque no est\u00e1bamos bien parados. Eso ya lo hemos manejado bien y\u00a0 hemos crecido\u00bb, agreg\u00f3 el zurdo.<\/p>\n<p>Respecto del hecho de que los aconcag\u00fcinos hayan decidido jugar en Santa Laura como local, el &#8217;13&#8217; azul reconocido que es una ventaja. \u00abPuede ser positivo. Es un estadio que nos acomoda bastante, sobre todo porque no vamos a salir de Santiago. Por el hecho de jugar primero en Santa Laura y luego en el Nacional podr\u00edamos sacar ventaja, aunque igual somos locales en todos lados\u00bb, manifest\u00f3.<\/p>\n<p>Rojas adem\u00e1s habl\u00f3 de la llave entre sus archirrivales. \u00abTodos sabemos que los playoffs son diferentes y Colo Colo se mata con Cat\u00f3lica. Es bueno que as\u00ed sea, obvio, pero no podemos hablar mucho de eso porque primero tenemos que enfrentar a San Felipe. \u00bfSi gana Colo Colo jugamos con ellos? Que bueno\u00bb, asegur\u00f3.<\/p>\n<p>Finalmente, el gran referente de esta Universidad de Chile habl\u00f3 del cartel del p\u00fablico en el que emplazaban a Azul Azul a retenerlo en el plantel. \u00abEra de un t\u00edo, ja ja. No, no s\u00e9. Agradezco el apoyo de la gente de este club, que de verdad es un sentimiento. Pero yo ya me desentend\u00ed del tema. Es cosa de los dirigentes\u00bb, sentenci\u00f3.<\/p>\n<p>\u00a0<\/p>\n","protected":false},"excerpt":{"rendered":"<p>El capit\u00e1n de Universidad de Chile reconoci\u00f3 que les favorece tener que jugar de visita ante San Felipe en Santa Laura, aunque igual mostr\u00f3 su respeto por el cuadro de Nelson Cossio. Adem\u00e1s, destac\u00f3 el hecho que Colo Colo y Cat\u00f3lica \u00abse matan entre ellos\u00bb.<\/p>\n","protected":false},"author":1,"featured_media":4064,"comment_status":"open","ping_status":"open","sticky":false,"template":"","format":"standard","meta":{"footnotes":""},"categories":[18],"tags":[48,51],"class_list":{"0":"post-2438","1":"post","2":"type-post","3":"status-publish","4":"format-standard","5":"has-post-thumbnail","7":"category-actualidad","8":"tag-apertura-2011","9":"tag-jose-rojas"},"_links":{"self":[{"href":"https:\/\/www.rincondelbulla.cl\/portal\/wp-json\/wp\/v2\/posts\/2438","targetHints":{"allow":["GET"]}}],"collection":[{"href":"https:\/\/www.rincondelbulla.cl\/portal\/wp-json\/wp\/v2\/posts"}],"about":[{"href":"https:\/\/www.rincondelbulla.cl\/portal\/wp-json\/wp\/v2\/types\/post"}],"author":[{"embeddable":true,"href":"https:\/\/www.rincondelbulla.cl\/portal\/wp-json\/wp\/v2\/users\/1"}],"replies":[{"embeddable":true,"href":"https:\/\/www.rincondelbulla.cl\/portal\/wp-json\/wp\/v2\/comments?post=2438"}],"version-history":[{"count":0,"href":"https:\/\/www.rincondelbulla.cl\/portal\/wp-json\/wp\/v2\/posts\/2438\/revisions"}],"wp:featuredmedia":[{"embeddable":true,"href":"https:\/\/www.rincondelbulla.cl\/portal\/wp-json\/wp\/v2\/media\/4064"}],"wp:attachment":[{"href":"https:\/\/www.rincondelbulla.cl\/portal\/wp-json\/wp\/v2\/media?parent=2438"}],"wp:term":[{"taxonomy":"category","embeddable":true,"href":"https:\/\/www.rincondelbulla.cl\/portal\/wp-json\/wp\/v2\/categories?post=2438"},{"taxonomy":"post_tag","embeddable":true,"href":"https:\/\/www.rincondelbulla.cl\/portal\/wp-json\/wp\/v2\/tags?post=2438"}],"curies":[{"name":"wp","href":"https:\/\/api.w.org\/{rel}","templated":true}]}}