{"id":2454,"date":"2011-06-05T04:41:40","date_gmt":"2011-06-05T04:41:40","guid":{"rendered":"http:\/\/www.rincondelbulla.cl\/portal\/?p=2454"},"modified":"2011-06-05T04:41:40","modified_gmt":"2011-06-05T04:41:40","slug":"marca-personal-universidad-de-chile-vs-ohiggins","status":"publish","type":"post","link":"https:\/\/www.rincondelbulla.cl\/portal\/2011\/06\/05\/marca-personal-universidad-de-chile-vs-ohiggins\/","title":{"rendered":"Marca Personal: Universidad de Chile vs. O&#8217;Higgins"},"content":{"rendered":"<figure id=\"attachment_4080\" aria-describedby=\"caption-attachment-4080\" style=\"width: 600px\" class=\"wp-caption alignnone\"><img loading=\"lazy\" decoding=\"async\" class=\" size-full wp-image-4080\" src=\"http:\/\/www.rincondelbulla.cl\/portal\/wp-content\/uploads\/2011\/06\/5ae698f87915cc5250241bddb9b546e1.jpg\" alt=\"Foto: Photosport\" class=\"caption\" title=\"La figura de la U, el equipo\" width=\"600\" height=\"340\" srcset=\"https:\/\/www.rincondelbulla.cl\/portal\/wp-content\/uploads\/2011\/06\/5ae698f87915cc5250241bddb9b546e1.jpg 600w, https:\/\/www.rincondelbulla.cl\/portal\/wp-content\/uploads\/2011\/06\/5ae698f87915cc5250241bddb9b546e1-300x170.jpg 300w\" sizes=\"auto, (max-width: 600px) 100vw, 600px\" \/><figcaption id=\"caption-attachment-4080\" class=\"wp-caption-text\">La figura de la U, el equipo<\/figcaption><\/figure>\n<p style=\"text-align: justify; line-height: 15pt; background: white;\"><span style=\"font-size: small;\"> <\/span><\/p>\n<p><strong>Siete goles que valen una final. La \u00abmaquinita\u00bb de Sampaoli hoy lo fue y lo demostr\u00f3 a Chile y al mundo. La U va por el t\u00edtulo. Una actuaci\u00f3n brillante de los azules que dej\u00f3 paralizados a los jugadores de O\u2019Higgins y a los otros semifinalistas esperando que la U baje la intensidad. Partido redondo que tap\u00f3 todas las dudas que dej\u00f3 el partido de mi\u00e9rcoles. Si las finales se juegan como hoy, podremos decir que una nueva estrella se ve en el cielo azul.<\/strong>  <!--more-->  <strong>Jhonny Herrera:<\/strong> En el gol tal vez le falt\u00f3 algo de reacci\u00f3n, sin embargo el cabezazo fue muy sorpresivo y eso le jug\u00f3 en contra. Se repuso, como el mejor armador, entregando el bal\u00f3n servido para el gol de Vargas. Siempre atento, a pesar de no tener mucho trabajo. Nota: 6.0<br \/><strong><br \/>Mat\u00edas Rodr\u00edguez:<\/strong> Gran partido del defensor. En los \u00faltimos duelos ha demostrado que no puede ni debe irse de la U. bien en ataque y en defensa, un gran jugador. Nota: 6.5<br \/><strong><br \/>Albert Acevedo:<\/strong> Bien el defensor. Se dio el lujo de volver a marcar en una pelota detenida. Est\u00e1 afirm\u00e1ndose la defensa y \u00e9l ha sido parte importante de ese proceso. Nota: 6.5<\/p>\n<p><strong>Jos\u00e9 Rojas:<\/strong> Buen partido del \u201cPepe\u201d. Siempre atento en defensa, aunque no fue uno de sus mejores partidos en ofensiva. Tranquilo para salir jugando. Nota: 6.0<\/p>\n<p><strong>Eugenio Mena:<\/strong> No se not\u00f3 mucho en el partido, tal vez uno de los m\u00e1s \u201cbajos\u201d no por su labor en defensa sino por su poca proyecci\u00f3n, aunque para \u00e9l vale que los ataques de la U fueron por la otra banda. Nota: 5.5<\/p>\n<p><strong>Felipe Seymur: <\/strong>Bien como siempre. Junto a Ar\u00e1nguiz son los due\u00f1os del medio campo y se lucen como tales. Fiero en la marca, claro en las descargas, excelente. Nota: 6.5<\/p>\n<p><strong>Charles Ar\u00e1nguiz:<\/strong> Sigue dando pasos agigantados a ser una gran figura en la U. un gran partido, bien en el quite, en la entrega y m\u00e1s encima anotando un gol que daba tranquilidad en un minuto complicado. Nota: 6.5<br \/><strong><br \/>Guillermo Marino:<\/strong> Y sigue subiendo el nivel. De los mejores partidos del trasandino. Encar\u00f3 bien, corri\u00f3, entreg\u00f3, particip\u00f3 en jugadas de gol. Partido redondo. Nota: 6.5<\/p>\n<p><strong>Eduardo Vargas: <\/strong>Si no es la gran figura de la U en el torneo est\u00e1 muy cerca de serlo. Anot\u00f3 el empate cuando sufr\u00edamos y lo hizo con una clase magistral de c\u00f3mo definir. Siempre peligroso en ofensiva. Si no est\u00e1 en la selecci\u00f3n es porque no juega de blanco. Nota: 7.0<br \/><strong><br \/>Francisco Castro:<\/strong> De los mejores partidos de Castro en la U. encar\u00f3 bien, cooper\u00f3 con sus compa\u00f1eros en medio campo, desbord\u00f3 por su banda e hizo jugadas interesantes. Es una promesa interesante. Nota: 6.0<\/p>\n<p><strong>Gustavo Canales:<\/strong> Cuesta comprender lo de Canales. El d\u00eda mi\u00e9rcoles no brill\u00f3 individualmente, como se espera en los delanteros, sin embargo cumpli\u00f3 una labor que viene desempe\u00f1ando en la U y pasa, casi, desapercibida. Juega de espaldas al arco y desde ah\u00ed genera el peligro. Hoy en su mejor tarde goleadora desde que viste de azul. Dos goles de buena factura hicieron que su trabajo colectivo fuera premiado con el brillo individual. Nota: 6.5<\/p>\n<p><strong>SUSTITUCIONES<\/p>\n<p>Marcelo D\u00edaz: <\/strong>Buen partido de D\u00edaz. Anot\u00f3 un golazo de tiro libre y cumpli\u00f3 muy bien su misi\u00f3n en el medio campo. Nota: 6.0<\/p>\n<p><strong>Edson Puch:<\/strong> Tal vez otro que no tuvo un partido a la par de sus compa\u00f1eros, se le ve con la mente fuera de los partidos y hoy no fue la excepci\u00f3n. Bajo. Nota: 5.5<\/p>\n<p><strong>Diego Rivarola: <\/strong>Una vez m\u00e1s ingresa y anota. Hoy no se not\u00f3 tanto por la goleada pero Diego es la carta de gol que viene desde el banco. Cuando entra hay un gol garantizado y hoy aport\u00f3 en la gran goleada. Nota: 6.0<\/p>\n","protected":false},"excerpt":{"rendered":"<p>Siete goles que valen una final. La \u00abmaquinita\u00bb de Sampaoli hoy lo fue y lo demostr\u00f3 a Chile y al mundo. La U va por el t\u00edtulo. Una actuaci\u00f3n brillante de los azules que dej\u00f3 paralizados a los jugadores de O\u2019Higgins y a los otros semifinalistas esperando que la U baje la intensidad. Partido redondo [&#8230;]<\/p>\n","protected":false},"author":57,"featured_media":4080,"comment_status":"open","ping_status":"open","sticky":false,"template":"","format":"standard","meta":{"footnotes":""},"categories":[18],"tags":[48,43],"class_list":{"0":"post-2454","1":"post","2":"type-post","3":"status-publish","4":"format-standard","5":"has-post-thumbnail","7":"category-actualidad","8":"tag-apertura-2011","9":"tag-marca-personal"},"_links":{"self":[{"href":"https:\/\/www.rincondelbulla.cl\/portal\/wp-json\/wp\/v2\/posts\/2454","targetHints":{"allow":["GET"]}}],"collection":[{"href":"https:\/\/www.rincondelbulla.cl\/portal\/wp-json\/wp\/v2\/posts"}],"about":[{"href":"https:\/\/www.rincondelbulla.cl\/portal\/wp-json\/wp\/v2\/types\/post"}],"author":[{"embeddable":true,"href":"https:\/\/www.rincondelbulla.cl\/portal\/wp-json\/wp\/v2\/users\/57"}],"replies":[{"embeddable":true,"href":"https:\/\/www.rincondelbulla.cl\/portal\/wp-json\/wp\/v2\/comments?post=2454"}],"version-history":[{"count":0,"href":"https:\/\/www.rincondelbulla.cl\/portal\/wp-json\/wp\/v2\/posts\/2454\/revisions"}],"wp:featuredmedia":[{"embeddable":true,"href":"https:\/\/www.rincondelbulla.cl\/portal\/wp-json\/wp\/v2\/media\/4080"}],"wp:attachment":[{"href":"https:\/\/www.rincondelbulla.cl\/portal\/wp-json\/wp\/v2\/media?parent=2454"}],"wp:term":[{"taxonomy":"category","embeddable":true,"href":"https:\/\/www.rincondelbulla.cl\/portal\/wp-json\/wp\/v2\/categories?post=2454"},{"taxonomy":"post_tag","embeddable":true,"href":"https:\/\/www.rincondelbulla.cl\/portal\/wp-json\/wp\/v2\/tags?post=2454"}],"curies":[{"name":"wp","href":"https:\/\/api.w.org\/{rel}","templated":true}]}}