{"id":2457,"date":"2011-06-06T18:38:36","date_gmt":"2011-06-06T18:38:36","guid":{"rendered":"http:\/\/www.rincondelbulla.cl\/portal\/?p=2457"},"modified":"2011-06-06T18:38:36","modified_gmt":"2011-06-06T18:38:36","slug":"la-u-ya-inicio-la-venta-de-entradas-para-la-final","status":"publish","type":"post","link":"https:\/\/www.rincondelbulla.cl\/portal\/2011\/06\/06\/la-u-ya-inicio-la-venta-de-entradas-para-la-final\/","title":{"rendered":"La \u201cU\u201d ya inici\u00f3 la venta de entradas para la Final"},"content":{"rendered":"<figure id=\"attachment_4083\" aria-describedby=\"caption-attachment-4083\" style=\"width: 600px\" class=\"wp-caption alignnone\"><img loading=\"lazy\" decoding=\"async\" class=\" size-full wp-image-4083\" src=\"http:\/\/www.rincondelbulla.cl\/portal\/wp-content\/uploads\/2011\/06\/e13ee4b62d3db96de4569a439ec6257c.jpg\" alt=\"Foto: Patricio Gonz\u00e1lez\" class=\"caption\" title=\"Fuente: Udechile.cl\" width=\"600\" height=\"340\" srcset=\"https:\/\/www.rincondelbulla.cl\/portal\/wp-content\/uploads\/2011\/06\/e13ee4b62d3db96de4569a439ec6257c.jpg 600w, https:\/\/www.rincondelbulla.cl\/portal\/wp-content\/uploads\/2011\/06\/e13ee4b62d3db96de4569a439ec6257c-300x170.jpg 300w\" sizes=\"auto, (max-width: 600px) 100vw, 600px\" \/><figcaption id=\"caption-attachment-4083\" class=\"wp-caption-text\">Fuente: Udechile.cl<\/figcaption><\/figure>\n<p><strong>El Club Universidad de Chile iniciar\u00e1 esta tarde la venta de entradas para el partido ante Universidad Cat\u00f3lica, correspondiente a la Final de ida del Torneo de Apertura, que se disputar\u00e1 el pr\u00f3ximo jueves 9 de junio, a las 20:00 horas en el Estadio Nacional.<\/strong><\/p>\n<p>  <!--more-->  <\/p>\n<p>S\u00f3lo los tickets para Tribuna Marquesina y Andes est\u00e1n disponibles, desde hoy lunes, a trav\u00e9s del sistema Feria Ticket y en los locales Feria Mix a lo largo de todo el pa\u00eds. Adem\u00e1s, el d\u00eda mi\u00e9rcoles 8 de junio se vender\u00e1n todas las localidades (incluidas Galer\u00edas Socio\/Empadronados y Ni\u00f1os) en el Estadio Nacional desde las 10:00 y hasta las 19:00 horas y el d\u00eda jueves 9 de junio la venta ser\u00e1 desde las 10:00 horas hasta las 15:00 horas. La apertura de puertas se realizar\u00e1 3 horas antes del encuentro, a las 17:00 horas.<\/p>\n<p>Cabe resaltar que los Socios y Empadronados que ingresan a las puertas 14 \u00f3 15 (Galer\u00eda Sur), al momento de comprar su ticket deber\u00e1n presentar su tarjeta azul o carnet de socio empadronado y el d\u00eda del partido deber\u00e1n presentar su c\u00e9dula de identidad al momento de ingresar a dichos accesos, de manera de poder sortear los controles dispuestos por Carabineros de Chile. Para este partido no habr\u00e1 venta de Andes Ni\u00f1os y quienes adquieran Galer\u00eda Ni\u00f1os deber\u00e1n ingresar s\u00f3lo a las puertas 11, 12 \u00f3 13 del Estadio Nacional.<\/p>\n<p>En tanto, para los hinchas de Universidad Cat\u00f3lica, se les ha asignado la localidad de Galer\u00eda Visita, y ser\u00e1 la dirigencia cruzada quien decida el mecanismo de comercializaci\u00f3n de las entradas.<\/p>\n<p>Los valores de las entradas y las boleter\u00edas asignadas para su venta son los siguientes:<\/p>\n<p>&#8211; Tribuna Marquesina: $50.000.- (Av. Grecia, boleter\u00edas 13 y 14)<br \/>&#8211; Andes: $15.000.- (Av. Grecia, boleter\u00edas 13 y 14)<br \/>&#8211; Galer\u00eda Local: $8.000.- (Av. Grecia, boleter\u00edas 1, 2, 3 y 4)<br \/>&#8211; Galer\u00eda Socio\/Empadronado: $4.000.- (Av. Grecia, boleter\u00edas 9, 10, 11 y 12)<br \/>&#8211; Galer\u00eda Ni\u00f1os: $4.000.- (Av. Grecia, boleter\u00edas 5, 6, 7 y 8)<br \/>&#8211; Galer\u00eda Visita: $8.000.-<\/p>\n<p>\u00a0<\/p>\n","protected":false},"excerpt":{"rendered":"<p>El Club Universidad de Chile iniciar\u00e1 esta tarde la venta de entradas para el partido ante Universidad Cat\u00f3lica, correspondiente a la Final de ida del Torneo de Apertura, que se disputar\u00e1 el pr\u00f3ximo jueves 9 de junio, a las 20:00 horas en el Estadio Nacional.<\/p>\n","protected":false},"author":1,"featured_media":4083,"comment_status":"open","ping_status":"open","sticky":false,"template":"","format":"standard","meta":{"footnotes":""},"categories":[18],"tags":[48],"class_list":{"0":"post-2457","1":"post","2":"type-post","3":"status-publish","4":"format-standard","5":"has-post-thumbnail","7":"category-actualidad","8":"tag-apertura-2011"},"_links":{"self":[{"href":"https:\/\/www.rincondelbulla.cl\/portal\/wp-json\/wp\/v2\/posts\/2457","targetHints":{"allow":["GET"]}}],"collection":[{"href":"https:\/\/www.rincondelbulla.cl\/portal\/wp-json\/wp\/v2\/posts"}],"about":[{"href":"https:\/\/www.rincondelbulla.cl\/portal\/wp-json\/wp\/v2\/types\/post"}],"author":[{"embeddable":true,"href":"https:\/\/www.rincondelbulla.cl\/portal\/wp-json\/wp\/v2\/users\/1"}],"replies":[{"embeddable":true,"href":"https:\/\/www.rincondelbulla.cl\/portal\/wp-json\/wp\/v2\/comments?post=2457"}],"version-history":[{"count":0,"href":"https:\/\/www.rincondelbulla.cl\/portal\/wp-json\/wp\/v2\/posts\/2457\/revisions"}],"wp:featuredmedia":[{"embeddable":true,"href":"https:\/\/www.rincondelbulla.cl\/portal\/wp-json\/wp\/v2\/media\/4083"}],"wp:attachment":[{"href":"https:\/\/www.rincondelbulla.cl\/portal\/wp-json\/wp\/v2\/media?parent=2457"}],"wp:term":[{"taxonomy":"category","embeddable":true,"href":"https:\/\/www.rincondelbulla.cl\/portal\/wp-json\/wp\/v2\/categories?post=2457"},{"taxonomy":"post_tag","embeddable":true,"href":"https:\/\/www.rincondelbulla.cl\/portal\/wp-json\/wp\/v2\/tags?post=2457"}],"curies":[{"name":"wp","href":"https:\/\/api.w.org\/{rel}","templated":true}]}}