{"id":2458,"date":"2011-06-07T20:04:35","date_gmt":"2011-06-07T20:04:35","guid":{"rendered":"http:\/\/www.rincondelbulla.cl\/portal\/?p=2458"},"modified":"2011-06-07T20:04:35","modified_gmt":"2011-06-07T20:04:35","slug":"acevedo-ante-catolica-si-voy-a-celebrar-si-hago-un-gol","status":"publish","type":"post","link":"https:\/\/www.rincondelbulla.cl\/portal\/2011\/06\/07\/acevedo-ante-catolica-si-voy-a-celebrar-si-hago-un-gol\/","title":{"rendered":"Acevedo: \u00abAnte Cat\u00f3lica s\u00ed voy a celebrar si hago un gol\u00bb"},"content":{"rendered":"<figure id=\"attachment_4084\" aria-describedby=\"caption-attachment-4084\" style=\"width: 600px\" class=\"wp-caption alignnone\"><img loading=\"lazy\" decoding=\"async\" class=\" size-full wp-image-4084\" src=\"http:\/\/www.rincondelbulla.cl\/portal\/wp-content\/uploads\/2011\/06\/95af20a543d0ffa5a101ab798fe1da12.jpg\" alt=\"Foto: Patricio Gonz\u00e1lez\" class=\"caption\" title=\"Fuente: Prensafutbol.cl\" width=\"600\" height=\"340\" srcset=\"https:\/\/www.rincondelbulla.cl\/portal\/wp-content\/uploads\/2011\/06\/95af20a543d0ffa5a101ab798fe1da12.jpg 600w, https:\/\/www.rincondelbulla.cl\/portal\/wp-content\/uploads\/2011\/06\/95af20a543d0ffa5a101ab798fe1da12-300x170.jpg 300w\" sizes=\"auto, (max-width: 600px) 100vw, 600px\" \/><figcaption id=\"caption-attachment-4084\" class=\"wp-caption-text\">Fuente: Prensafutbol.cl<\/figcaption><\/figure>\n<p><strong>El defensa de la &#8216;U&#8217; asegur\u00f3 que si le hace un gol a su ex equipo lo festejar\u00e1, explicando las razones de por qu\u00e9 no lo hizo ante O&#8217;Higgins. Adem\u00e1s calific\u00f3 de \u00abpalabrer\u00edas\u00bb el mote de arrugones que tiene la UC. Mientras Rivarola dijo que \u00abser\u00eda lindo retirarme campe\u00f3n\u00bb.<\/strong>  <!--more-->  En el Centro Deportivo Azul de La Cisterna se respira la final\u00edsima. Con intensidad y fuerza la &#8216;U&#8217; prepara las finales del torneo de Apertura ante Universidad Cat\u00f3lica. Especialmente el duelo de ida, a jugarse este jueves en el Estadio Nacional.<\/p>\n<p>Este martes habl\u00f3 Albert Acevedo, quien se ha ganado la titularidad y de hecho viene marcando goles en los duelos de cuartos de final y semifinales. De hecho, ante O&#8217;Higgins anot\u00f3 y no celebr\u00f3 por ser su ex equipo. Y como tambi\u00e9n jug\u00f3 \u2013y fue campe\u00f3n dos veces\u2013 en la UC, la consulta era inevitable.<\/p>\n<p>\u00abEs dif\u00edcil que vuelva a hacer un gol, pero si lo hago ante Cat\u00f3lica s\u00ed voy a celebrar. Ning\u00fan problema. Me siento profesional para asumir responsabilidades. Ante O&#8217;Higgins no festej\u00e9 por el cari\u00f1o hacia el club que mejor me ha tratado y en el que m\u00e1s me he sentido c\u00f3modo. Les debo mucho y le tengo mucho cari\u00f1o\u00bb, explic\u00f3 el &#8216;5&#8217; azul.<\/p>\n<p>Acevedo fue titular el 22 de diciembre de 2005, en la final en que los &#8216;cruzados&#8217; derrotaron a la &#8216;U&#8217;. Ahora le tocar\u00e1 vivir el cl\u00e1sico definitorio con la otra camiseta. \u00abSe vive distinto porque la &#8216;U&#8217; tiene mucha m\u00e1s gente y se siente. Pero el tema de la local\u00eda y la cantidad de entradas para uno y otro no se siente en la cancha\u00bb, se\u00f1al\u00f3.<\/p>\n<p>\u00abEl 2005 fueron dos partidos apretados. Ahora lo vivo distinto. Esa vez era m\u00e1s joven y si bien fui titular, no ven\u00eda jugando con regularidad. M\u00e1s que nada alternaba. No hay revancha ni rencillas de ning\u00fan tipo\u00bb, agreg\u00f3.<\/p>\n<p>Adem\u00e1s, el central asegur\u00f3 que \u00abeso de que en Cat\u00f3lica son arrugones son palabrer\u00edas. me toc\u00f3 vivirlo all\u00e1 y nunca fue as\u00ed\u00bb.<\/p>\n<p>Finalmente, habl\u00f3 de la foto que circula en twitter, en que Felipe Guti\u00e9rrez, volante de Cat\u00f3lica, aparece con una camiseta de la &#8216;U&#8217; cuando era m\u00e1s chico. \u00abEso corresponde al juego de los hinchas previo a un cl\u00e1sico. Es evidente que Felipe est\u00e1 identificado con la UC\u00bb, sentenci\u00f3.<\/p>\n<p><span style=\"text-decoration: underline;\"><strong>RIVAROLA: \u00abQUIERO EMPUJAR AL EQUIPO A GANAR EL T\u00cdTULO\u00bb<\/strong><\/span><\/p>\n<p>Aunque no es titular, es importante Diego Rivarola en esta &#8216;U&#8217;. Por sus ingresos en los segundos tiempos, donde ha marcado goles, pero tambi\u00e9n por ser un referente e \u00eddolo de la hinchada. Algo que puede ser vital para lograr el t\u00edtulo.<\/p>\n<p>\u00abTrato de disfrutar este momento, con la idea de empujar al equipo a la idea de ganar el t\u00edtulo. Se me pasan muchas cosas por la cabeza\u2026 ser\u00eda lindo retirarme como campe\u00f3n. Tenemos la oportunidad en la mano y queremos agarrarla\u00bb, se\u00f1al\u00f3 el &#8216;7&#8217;, abri\u00e9ndose incluso a la chance de dejar la actividad.<\/p>\n<p>Adem\u00e1s, repas\u00f3 la final de 2005. \u00abTengo muchos recuerdos. A nadie le gusta perder finales. Pero afortunadamente tengo la oportunidad de jugar otra y esta vez espero ganarla\u00bb, cerr\u00f3 el \u00eddolo azul.<\/p>\n","protected":false},"excerpt":{"rendered":"<p>El defensa de la &#8216;U&#8217; asegur\u00f3 que si le hace un gol a su ex equipo lo festejar\u00e1, explicando las razones de por qu\u00e9 no lo hizo ante O&#8217;Higgins. Adem\u00e1s calific\u00f3 de \u00abpalabrer\u00edas\u00bb el mote de arrugones que tiene la UC. Mientras Rivarola dijo que \u00abser\u00eda lindo retirarme campe\u00f3n\u00bb.<\/p>\n","protected":false},"author":1,"featured_media":4084,"comment_status":"open","ping_status":"open","sticky":false,"template":"","format":"standard","meta":{"footnotes":""},"categories":[18],"tags":[49,48,45],"class_list":{"0":"post-2458","1":"post","2":"type-post","3":"status-publish","4":"format-standard","5":"has-post-thumbnail","7":"category-actualidad","8":"tag-albert-acevedo","9":"tag-apertura-2011","10":"tag-diego-rivarola"},"_links":{"self":[{"href":"https:\/\/www.rincondelbulla.cl\/portal\/wp-json\/wp\/v2\/posts\/2458","targetHints":{"allow":["GET"]}}],"collection":[{"href":"https:\/\/www.rincondelbulla.cl\/portal\/wp-json\/wp\/v2\/posts"}],"about":[{"href":"https:\/\/www.rincondelbulla.cl\/portal\/wp-json\/wp\/v2\/types\/post"}],"author":[{"embeddable":true,"href":"https:\/\/www.rincondelbulla.cl\/portal\/wp-json\/wp\/v2\/users\/1"}],"replies":[{"embeddable":true,"href":"https:\/\/www.rincondelbulla.cl\/portal\/wp-json\/wp\/v2\/comments?post=2458"}],"version-history":[{"count":0,"href":"https:\/\/www.rincondelbulla.cl\/portal\/wp-json\/wp\/v2\/posts\/2458\/revisions"}],"wp:featuredmedia":[{"embeddable":true,"href":"https:\/\/www.rincondelbulla.cl\/portal\/wp-json\/wp\/v2\/media\/4084"}],"wp:attachment":[{"href":"https:\/\/www.rincondelbulla.cl\/portal\/wp-json\/wp\/v2\/media?parent=2458"}],"wp:term":[{"taxonomy":"category","embeddable":true,"href":"https:\/\/www.rincondelbulla.cl\/portal\/wp-json\/wp\/v2\/categories?post=2458"},{"taxonomy":"post_tag","embeddable":true,"href":"https:\/\/www.rincondelbulla.cl\/portal\/wp-json\/wp\/v2\/tags?post=2458"}],"curies":[{"name":"wp","href":"https:\/\/api.w.org\/{rel}","templated":true}]}}