{"id":2460,"date":"2011-06-08T03:53:32","date_gmt":"2011-06-08T03:53:32","guid":{"rendered":"http:\/\/www.rincondelbulla.cl\/portal\/?p=2460"},"modified":"2011-06-08T03:53:32","modified_gmt":"2011-06-08T03:53:32","slug":"felices-cuatro-anos-de-vida-rincon-del-bulla","status":"publish","type":"post","link":"https:\/\/www.rincondelbulla.cl\/portal\/2011\/06\/08\/felices-cuatro-anos-de-vida-rincon-del-bulla\/","title":{"rendered":"Felices cuatro a\u00f1os de vida Rinc\u00f3n del Bulla!!!"},"content":{"rendered":"<figure id=\"attachment_4085\" aria-describedby=\"caption-attachment-4085\" style=\"width: 600px\" class=\"wp-caption alignnone\"><img loading=\"lazy\" decoding=\"async\" class=\" size-full wp-image-4085\" src=\"http:\/\/www.rincondelbulla.cl\/portal\/wp-content\/uploads\/2011\/06\/e78dcc23a66cc50cef1490ae228dfb47.jpg\" alt=\"Administrador\" class=\"caption\" title=\"AL Rinc\u00f3n del Bulla en su cuarto aniversario\" width=\"600\" height=\"340\" srcset=\"https:\/\/www.rincondelbulla.cl\/portal\/wp-content\/uploads\/2011\/06\/e78dcc23a66cc50cef1490ae228dfb47.jpg 600w, https:\/\/www.rincondelbulla.cl\/portal\/wp-content\/uploads\/2011\/06\/e78dcc23a66cc50cef1490ae228dfb47-300x170.jpg 300w\" sizes=\"auto, (max-width: 600px) 100vw, 600px\" \/><figcaption id=\"caption-attachment-4085\" class=\"wp-caption-text\">AL Rinc\u00f3n del Bulla en su cuarto aniversario<\/figcaption><\/figure>\n<p style=\"text-align: justify;\"><strong>A todos los camaradas que visitan y disfrutan de las secciones del Rinc\u00f3n del Bulla, les informamos que hoy estamos de cumplea\u00f1os y queremos vivir con ustedes este momento de felicidad.<\/strong><\/p>\n<p>  <!--more-->  <\/p>\n<p class=\"MsoNormal\" style=\"text-align: justify;\"><span style=\"mso-ansi-language: ES-TRAD;\" lang=\"ES-TRAD\">As\u00ed es, hoy 8 de junio cumplimos cuatro a\u00f1os de sue\u00f1os e ilusiones, cuatro a\u00f1os de compartir con vosotros esta gran pasi\u00f3n de nuestras vidas llamada <strong style=\"mso-bidi-font-weight: normal;\">Universidad de Chile<\/strong>.<\/span><\/p>\n<p class=\"MsoNormal\" style=\"text-align: justify;\"><span style=\"mso-ansi-language: ES-TRAD;\" lang=\"ES-TRAD\">Nacimos con la finalidad de ser un punto de encuentro para los millones de \u201cbullangueros\u201d existentes en Chile y el extranjero, y hoy nos presentamos ante ustedes como un sito web, un medio de comunicaci\u00f3n independiente y serio, que persigue integrar -ante todo- la opini\u00f3n de sus visitantes. <\/span><\/p>\n<p class=\"MsoNormal\" style=\"text-align: justify;\"><span style=\"mso-ansi-language: ES-TRAD;\" lang=\"ES-TRAD\">Como staff hemos alcanzado con mucho esfuerzo las metas que nos trazamos al principio del camino y hoy seguimos entusiastas mirando hacia delante, porque &#8211; gracias a vuestro apoyo y preferencia- cada d\u00eda crecemos m\u00e1s y m\u00e1s.<\/span><\/p>\n<p class=\"MsoNormal\" style=\"text-align: justify;\"><span style=\"mso-ansi-language: ES-TRAD;\" lang=\"ES-TRAD\">No buscamos cantidad, sino calidad y es por eso que hoy contamos con un equipo de profesionales, fot\u00f3grafos y periodistas, que desinteresadamente colaboran para llevar el sitio a lo m\u00e1s alto y as\u00ed entregar lo mejor a nuestros usuarios.<\/span><\/p>\n<p class=\"MsoNormal\" style=\"text-align: justify;\"><span style=\"mso-ansi-language: ES-TRAD;\" lang=\"ES-TRAD\">De este modo semana a semana, partido a partido, les presentamos con mucha dedicaci\u00f3n nuestras secciones con notas originales del <strong style=\"mso-bidi-font-weight: normal;\">Rinc\u00f3n del Bulla<\/strong>, como son: <strong style=\"mso-bidi-font-weight: normal;\">\u201cla Previa\u201d,<span style=\"mso-spacerun: yes;\"> <\/span>\u201cel Post Partido\u201d, \u201cla Trastienda\u201d, \u201cla Marca Personal\u201d<\/strong> y las galer\u00edas de fotos de cada encuentro, m\u00e1s la secci\u00f3n <strong style=\"mso-bidi-font-weight: normal;\">\u201cEtiqu\u00e9tate\u201d<\/strong> que desarrollamos en nuestro facebook.<\/span><\/p>\n<p class=\"MsoNormal\" style=\"text-align: justify;\"><span style=\"mso-ansi-language: ES-TRAD;\" lang=\"ES-TRAD\">A lo antes mencionado, no podemos dejar de nombrar al <strong style=\"mso-bidi-font-weight: normal;\">\u201cForo del Rinc\u00f3n del Bulla\u201d<\/strong> y la nueva secci\u00f3n llamada <strong style=\"mso-bidi-font-weight: normal;\">\u201cZona Azul\u201d<\/strong>, que es una red social similar a facebook s\u00f3lo para hinchas del \u201cRom\u00e1ntico Viajero\u201d.<\/span><\/p>\n<p class=\"MsoNormal\" style=\"text-align: justify;\"><a name=\"_GoBack\"><\/a><span style=\"mso-ansi-language: ES-TRAD;\" lang=\"ES-TRAD\">Hay un c\u00e1ntico que dice \u2018La \u201cU\u201d es grande por esta gente\u2019 y en nuestro caso es lo mismo, rincondelbulla.cl no ser\u00eda lo que somos sin el apoyo que nos brindan todos sus colaboradores (actuales y pasados),<span style=\"mso-spacerun: yes;\"> <\/span>pero principalmente por ustedes que nos han hecho su preferencia y apoyado durante todos estos a\u00f1os, convirti\u00e9ndonos en uno de los sitios especializados m\u00e1s importantes <span style=\"mso-spacerun: yes;\"> <\/span>del <strong style=\"mso-bidi-font-weight: normal;\">Club de F\u00fatbol Universidad de Chile<\/strong>.<\/span><\/p>\n<p class=\"MsoNormal\" style=\"text-align: justify;\"><span style=\"mso-ansi-language: ES-TRAD;\" lang=\"ES-TRAD\">Hoy puedo decir que en <strong style=\"mso-bidi-font-weight: normal;\">Rincondelbulla.cl<\/strong> he encontrado mi segunda familia, es por eso que les deseo a todos un FELIZ CUMPLEA\u00d1OS CAMARADAS y los insto a que sigan disfrutando del sitio tanto como nosotros disfrutamos haci\u00e9ndolo.<\/span><\/p>\n<p class=\"MsoNormal\" style=\"text-align: justify;\"><span style=\"mso-ansi-language: ES-TRAD;\" lang=\"ES-TRAD\">Gracias por visitarnos y formar parte de \u00e9sta\u2026 Su familia.<\/span><\/p>\n<p class=\"MsoNormal\" style=\"text-align: justify;\"><span style=\"mso-ansi-language: ES-TRAD;\" lang=\"ES-TRAD\"> <\/span><\/p>\n<p class=\"MsoNormal\" style=\"text-align: justify;\"><strong style=\"mso-bidi-font-weight: normal;\"><span style=\"mso-ansi-language: ES-TRAD;\" lang=\"ES-TRAD\">Francisco \u201cCaco\u201d Sep\u00falveda<\/span><\/strong><span style=\"mso-ansi-language: ES-TRAD;\" lang=\"ES-TRAD\">,<br \/><\/span><span style=\"text-decoration: underline;\">Director del Rinc\u00f3n del Bulla<\/span><\/p>\n","protected":false},"excerpt":{"rendered":"<p>A todos los camaradas que visitan y disfrutan de las secciones del Rinc\u00f3n del Bulla, les informamos que hoy estamos de cumplea\u00f1os y queremos vivir con ustedes este momento de felicidad.<\/p>\n","protected":false},"author":1,"featured_media":4085,"comment_status":"open","ping_status":"open","sticky":false,"template":"","format":"standard","meta":{"footnotes":""},"categories":[18],"tags":[],"class_list":{"0":"post-2460","1":"post","2":"type-post","3":"status-publish","4":"format-standard","5":"has-post-thumbnail","7":"category-actualidad"},"_links":{"self":[{"href":"https:\/\/www.rincondelbulla.cl\/portal\/wp-json\/wp\/v2\/posts\/2460","targetHints":{"allow":["GET"]}}],"collection":[{"href":"https:\/\/www.rincondelbulla.cl\/portal\/wp-json\/wp\/v2\/posts"}],"about":[{"href":"https:\/\/www.rincondelbulla.cl\/portal\/wp-json\/wp\/v2\/types\/post"}],"author":[{"embeddable":true,"href":"https:\/\/www.rincondelbulla.cl\/portal\/wp-json\/wp\/v2\/users\/1"}],"replies":[{"embeddable":true,"href":"https:\/\/www.rincondelbulla.cl\/portal\/wp-json\/wp\/v2\/comments?post=2460"}],"version-history":[{"count":0,"href":"https:\/\/www.rincondelbulla.cl\/portal\/wp-json\/wp\/v2\/posts\/2460\/revisions"}],"wp:featuredmedia":[{"embeddable":true,"href":"https:\/\/www.rincondelbulla.cl\/portal\/wp-json\/wp\/v2\/media\/4085"}],"wp:attachment":[{"href":"https:\/\/www.rincondelbulla.cl\/portal\/wp-json\/wp\/v2\/media?parent=2460"}],"wp:term":[{"taxonomy":"category","embeddable":true,"href":"https:\/\/www.rincondelbulla.cl\/portal\/wp-json\/wp\/v2\/categories?post=2460"},{"taxonomy":"post_tag","embeddable":true,"href":"https:\/\/www.rincondelbulla.cl\/portal\/wp-json\/wp\/v2\/tags?post=2460"}],"curies":[{"name":"wp","href":"https:\/\/api.w.org\/{rel}","templated":true}]}}