{"id":2461,"date":"2011-06-08T19:31:30","date_gmt":"2011-06-08T19:31:30","guid":{"rendered":"http:\/\/www.rincondelbulla.cl\/portal\/?p=2461"},"modified":"2011-06-08T19:31:30","modified_gmt":"2011-06-08T19:31:30","slug":"la-primera-mitad-de-un-sueno","status":"publish","type":"post","link":"https:\/\/www.rincondelbulla.cl\/portal\/2011\/06\/08\/la-primera-mitad-de-un-sueno\/","title":{"rendered":"La previa: Universidad de Chile vs Universidad Cat\u00f3lica"},"content":{"rendered":"<figure id=\"attachment_4086\" aria-describedby=\"caption-attachment-4086\" style=\"width: 600px\" class=\"wp-caption alignnone\"><img loading=\"lazy\" decoding=\"async\" class=\" size-full wp-image-4086\" src=\"http:\/\/www.rincondelbulla.cl\/portal\/wp-content\/uploads\/2011\/06\/d621c3daa5d1edef10da0c9c846dc4f7.jpg\" alt=\"Foto: Patricio Gonz\u00e1lez\" class=\"caption\" title=\"Eduardo Vargas, figura en el 2 a 2 de la fase regular, ser\u00e1 uno de los que buscar\u00e1 el triunfo en la ida frente a la UC\" width=\"600\" height=\"340\" srcset=\"https:\/\/www.rincondelbulla.cl\/portal\/wp-content\/uploads\/2011\/06\/d621c3daa5d1edef10da0c9c846dc4f7.jpg 600w, https:\/\/www.rincondelbulla.cl\/portal\/wp-content\/uploads\/2011\/06\/d621c3daa5d1edef10da0c9c846dc4f7-300x170.jpg 300w\" sizes=\"auto, (max-width: 600px) 100vw, 600px\" \/><figcaption id=\"caption-attachment-4086\" class=\"wp-caption-text\">Eduardo Vargas, figura en el 2 a 2 de la fase regular, ser\u00e1 uno de los que buscar\u00e1 el triunfo en la ida frente a la UC<\/figcaption><\/figure>\n<p style=\"text-align: justify;\"><strong>Los dos mejores equipos de la temporada van a protagonizar la gran final del torneo de apertura 2011 en lo que ser\u00e1 la reedici\u00f3n de la definici\u00f3n por \u00a0el t\u00edtulo del a\u00f1o 2005. El Rom\u00e1ntico Viajero y el cuadro de la franja se ver\u00e1n las caras tras haber empatado a 2 tantos en la fase regular en un duelo repleto de golazos y emociones. \u00bfSer\u00e1 lo mismo en la b\u00fasqueda del t\u00edtulo? Vamos con toda la previa como siempre por el Rinc\u00f3n del Bulla.<\/strong><\/p>\n<p style=\"text-align: justify;\"><strong> <\/strong><\/p>\n<p style=\"text-align: justify;\">  <!--more-->  <\/p>\n<p style=\"text-align: justify;\">\u00a0<\/p>\n<p style=\"text-align: justify;\">El a\u00f1o 2009 Universidad de Chiile levant\u00f3 la copa tras derrotar en la final a Uni\u00f3n Espa\u00f1ola con gol de Juan Manuel Olivera. Los azules llegaron a play offs \u00a0como el segundo mejor equipo en la fase regular; Uni\u00f3n Espa\u00f1ola fue el 1\u00ba. Este 2011 el c\u00e1lculo se repite, pues los de Sampaoli lograron quedar en la segunda posici\u00f3n de la clasificaci\u00f3n general mientras que los cruzados se mantuvieron inapelablemente como los mejores. En s\u00edntesis, son los dos equipos con mayores merecimientos los que est\u00e1n peleando palmo a palmo el t\u00edtulo.<\/p>\n<p style=\"text-align: justify;\">En la retina de los azules est\u00e1 el penal de Jorge \u00abpolo\u00bb Quinteros, \u00faltimo en la definici\u00f3n del a\u00f1o 2005, en donde tras dos partidos de infarto la UC se coron\u00f3 como monarca del f\u00fatbol nacional derrotando al Le\u00f3n desde los 12 pasos. Un duro recuerdo para todos los hinchas azules, que ve\u00edan como el t\u00edtulo se escapaba a manos de un archirrival. Sin embargo, este a\u00f1o se presenta una gran oportunidad para la reivindicaci\u00f3n del Rom\u00e1ntico Viajero.<\/p>\n<p style=\"text-align: justify;\">Los azules llegan en un momento an\u00edmico inmejorable, tras arrollar a O&#8217;Higgins por 7 tantos contra 1, adem\u00e1s en el \u00faltimo tiempo han logrado afirmar la idea futbol\u00edstica que el t\u00e9cnico propone, la cual se basa en el desdoblamiento de funciones de los laterales y mediocampistas. de esta forma es como Eugenio Mena, Charles Ar\u00e1nguiz, Felipe Seymour y Mat\u00edas Rodr\u00edguez se convierten constantemente en agentes ofensivos que acompa\u00f1an a los encargados de generar las jugadas de peligro.<\/p>\n<p style=\"text-align: justify;\">Adem\u00e1s, en el \u00faltimo partido se mejor\u00f3 (y de qu\u00e9 manera) la capacidad de finiquitar las jugadas, aspecto en que los azules ven\u00edan fallando much\u00edsimo. Sin embargo, es necesario no quedarse con el abultado resultado final frente al Capo de provincia, puesto que hay que considerar que la UC tiene una defensa que si bien tiene sus ripios, es much\u00edsimo mejor que la de los celestes.<\/p>\n<p style=\"text-align: justify;\">Por otro lado, la UC llega a esta final algo agotada tras tener una campa\u00f1a repleta de f\u00fatbol gracias a su participaci\u00f3n en Copa Libertadores. De todas formas, digo \u00abalgo\u00bb porque la preparaci\u00f3n de Jorge Fleitas se ha transformado en un factor importante a la hora de hablar del estado f\u00edsico de los cruzados. Prueba de ello es que durante la temporada tan s\u00f3lo dos jugadores han sufrido lesiones musculares: David Henr\u00edquez y ahora \u00faltimo Marcelo Ca\u00f1ete, baja para ambas finales.<\/p>\n<p style=\"text-align: justify;\">El f\u00fatbol que muestra la UC no se reflej\u00f3 en la semifinal frente a Calera, en primer lugar porque la cancha no ayud\u00f3 en nada durante la ida, mientras que en la vuelta los de la franja jugaron sin laterales y con un enlace que hizo un baj\u00edsimo partido. De esta manera, el mejor reflejo de lo que muestran tanto azules como cruzados se remonta al cl\u00e1sico de la fase regular en donde empataron a 2 tantos.<\/p>\n<p style=\"text-align: justify;\">Mucho v\u00e9rtigo, jugadores claves como Eduardo Vargas y Felipe Guti\u00e9rrez y la importancia de tener buenos porteros como Herrera y Toselli. Aspectos que sin duda ser\u00e1n definitorios en esta pareja llave por el t\u00edtulo.<\/p>\n<p style=\"text-align: justify;\">Caballo que gana, repite; por lo que Universidad de Chile saldr\u00e1 con la misma oncena que en semifinales, la que tiene a <strong>Herrera <\/strong>como portero titular; <strong>Mat\u00edas Rodr\u00edguez, Albert Acevedo<\/strong> (quien asegur\u00f3 que si le marca a la UC lo va a celebrar), <strong>Jos\u00e9 Rojas<\/strong> con la jineta de capit\u00e1n en el centro de la zaga y <strong>Eugenio Mena<\/strong> completando la l\u00ednea de 4; <strong>Charles Ar\u00e1nguiz<\/strong> y <strong>Felipe Seymour<\/strong> en las labores de quite de mediocampo para dejar a <strong>Guillermo Marino<\/strong> encargado de la creaci\u00f3n; finalmente, pero no menos importante, el tridente ofensivo estar\u00e1 compuesto por <strong>Eduardo Vargas y Francisco Castro <\/strong>en los extremos y <strong>Gustavo Canales<\/strong> en el centro del ataque.<\/p>\n<p style=\"text-align: justify;\">La UC tiene cuatro bajas para la final de ida: Ca\u00f1ete por lesi\u00f3n y Henr\u00edquez no estar\u00e1n por lesi\u00f3n, mientras que por suspensi\u00f3n no ser\u00e1 de la partida Rodrigo Valenzuela (anoche el tribunal de penalidades decidi\u00f3 darle 2 fechas de suspensi\u00f3n por su tarjeta roja frente a La Calera) y Francisco Silva, \u00a0quien result\u00f3 expulsado el domingo en la vuelta frente a los caleranos por doble amarilla.<\/p>\n<p style=\"text-align: justify;\">De esta manera, la oncena m\u00e1s probable con que la UC saldr\u00e1 a la cancha del nacional se compondr\u00e1 de Toselli en el arco; And\u00eda, Hans Mart\u00ednez, Parot y Eluchans en la zaga; \u00a0Meneses ,Orme\u00f1o, Costa y Mirosevic en el mediocampo; mientras que en delantera estar\u00e1 Pratto en compa\u00f1\u00eda de Villanueva.<\/p>\n<p style=\"text-align: justify;\"><strong>Tras una larga campa\u00f1a el sue\u00f1o de bajar la estrella 14 est\u00e1 cada vez m\u00e1s cerca, y en calidad de local los leones de Sampaoli buscar\u00e1n quedar a un paso de la gloria en la primera mitad del a\u00f1o. 90 minutos que ser\u00e1n el primer paso para alcanzar la euforia de los hinchas que repletar\u00e1n el Estadio Nacional el d\u00eda jueves a partir de las 20:00 hrs. Como siempre, todas las acciones las podr\u00e1s seguir a trav\u00e9s del rinc\u00f3n del Bulla \u00a1Vamos leones, salgan campeones!<\/strong><\/p>\n<p style=\"text-align: justify;\">\u00a0<\/p>\n","protected":false},"excerpt":{"rendered":"<p>Los dos mejores equipos de la temporada van a protagonizar la gran final del torneo de apertura 2011 en lo que ser\u00e1 la reedici\u00f3n de la definici\u00f3n por \u00a0el t\u00edtulo del a\u00f1o 2005. El Rom\u00e1ntico Viajero y el cuadro de la franja se ver\u00e1n las caras tras haber empatado a 2 tantos en la fase [&#8230;]<\/p>\n","protected":false},"author":54,"featured_media":4086,"comment_status":"open","ping_status":"open","sticky":false,"template":"","format":"standard","meta":{"footnotes":""},"categories":[18],"tags":[37],"class_list":{"0":"post-2461","1":"post","2":"type-post","3":"status-publish","4":"format-standard","5":"has-post-thumbnail","7":"category-actualidad","8":"tag-la-previa"},"_links":{"self":[{"href":"https:\/\/www.rincondelbulla.cl\/portal\/wp-json\/wp\/v2\/posts\/2461","targetHints":{"allow":["GET"]}}],"collection":[{"href":"https:\/\/www.rincondelbulla.cl\/portal\/wp-json\/wp\/v2\/posts"}],"about":[{"href":"https:\/\/www.rincondelbulla.cl\/portal\/wp-json\/wp\/v2\/types\/post"}],"author":[{"embeddable":true,"href":"https:\/\/www.rincondelbulla.cl\/portal\/wp-json\/wp\/v2\/users\/54"}],"replies":[{"embeddable":true,"href":"https:\/\/www.rincondelbulla.cl\/portal\/wp-json\/wp\/v2\/comments?post=2461"}],"version-history":[{"count":0,"href":"https:\/\/www.rincondelbulla.cl\/portal\/wp-json\/wp\/v2\/posts\/2461\/revisions"}],"wp:featuredmedia":[{"embeddable":true,"href":"https:\/\/www.rincondelbulla.cl\/portal\/wp-json\/wp\/v2\/media\/4086"}],"wp:attachment":[{"href":"https:\/\/www.rincondelbulla.cl\/portal\/wp-json\/wp\/v2\/media?parent=2461"}],"wp:term":[{"taxonomy":"category","embeddable":true,"href":"https:\/\/www.rincondelbulla.cl\/portal\/wp-json\/wp\/v2\/categories?post=2461"},{"taxonomy":"post_tag","embeddable":true,"href":"https:\/\/www.rincondelbulla.cl\/portal\/wp-json\/wp\/v2\/tags?post=2461"}],"curies":[{"name":"wp","href":"https:\/\/api.w.org\/{rel}","templated":true}]}}